{"id":14851,"date":"2026-04-28T08:35:23","date_gmt":"2026-04-28T06:35:23","guid":{"rendered":"https:\/\/www.asssa.es\/ca\/?p=14851"},"modified":"2026-04-28T08:35:23","modified_gmt":"2026-04-28T06:35:23","slug":"estrategies-per-a-superar-la-por-al-dentista","status":"publish","type":"post","link":"https:\/\/www.asssa.es\/ca\/estrategies-per-a-superar-la-por-al-dentista\/","title":{"rendered":"Estrat\u00e8gies per a superar la por al dentista"},"content":{"rendered":"<p>La por al dentista, coneguda com a odontof\u00f2bia, \u00e9s un temor com\u00fa que afecta milions de persones arreu del m\u00f3n. Pot anar des d\u2019una ansietat lleu abans d\u2019una revisi\u00f3 fins a un p\u00e0nic intens que fa que la persona eviti completament qualsevol consulta dental.<\/p>\n<p><!--more--><\/p>\n<p>Encara que moltes vegades s\u2019origina en experi\u00e8ncies passades negatives, tamb\u00e9 es pot deure a la por al dolor, al so dels instruments o a la sensaci\u00f3 de p\u00e8rdua de control. Afortunadament, hi ha estrat\u00e8gies eficaces per a reduir aquesta por i millorar la relaci\u00f3 amb la salut bucal.<\/p>\n<p><strong>Per qu\u00e8 tenim por al dentista?<\/strong><\/p>\n<p>Les causes s\u00f3n variades. Algunes persones desenvolupen aquesta por arran de procediments dolorosos que van patir a la inf\u00e0ncia o a l\u2019adolesc\u00e8ncia. Altres simplement se senten inc\u00f2modes davant de la idea de romandre en una posici\u00f3 vulnerable mentre alg\u00fa manipula la seva boca amb instruments que fan molt de soroll. Els mitjans de comunicaci\u00f3 i les hist\u00f2ries que expliquen els familiars o amics tamb\u00e9 poden influir negativament, tot refor\u00e7ant l\u2019estereotip del dentista com a figura temible.<\/p>\n<p>A m\u00e9s, l\u2019ansietat generalitzada, la por de les agulles, el dolor o fins i tot les olors cl\u00edniques poden intensificar la f\u00f2bia dental.<\/p>\n<p><strong>Consells per a reduir la por<\/strong><\/p>\n<ul>\n<li>Parleu amb el dentista<\/li>\n<\/ul>\n<p>La comunicaci\u00f3 oberta \u00e9s fonamental. Informeu el vostre dentista sobre la vostra por abans de comen\u00e7ar qualsevol procediment. Un professional comprensiu us explicar\u00e0 pas a pas el que far\u00e0, us donar\u00e0 m\u00e9s temps perqu\u00e8 us relaxeu i us oferir\u00e0 t\u00e8cniques per a minimitzar el malestar.<\/p>\n<ul>\n<li>Comenceu amb visites senzilles<\/li>\n<\/ul>\n<p>Si fa molt que no aneu al dentista, demaneu una cita nom\u00e9s per a una neteja o una revisi\u00f3 b\u00e0sica. Aix\u00f2 us permetr\u00e0 familiaritzar-vos amb l\u2019entorn i l\u2019equip sense la pressi\u00f3 d\u2019un procediment invasiu.<\/p>\n<ul>\n<li>Practiqueu t\u00e8cniques de relaxaci\u00f3<\/li>\n<\/ul>\n<p>Respiraci\u00f3 profunda, meditaci\u00f3 guiada o, fins i tot, escoltar m\u00fasica relaxant amb auriculars s\u00f3n t\u00e8cniques que us poden ajudar a controlar l\u2019ansietat durant la cita.<\/p>\n<ul>\n<li>Trieu el dentista adequat<\/li>\n<\/ul>\n<p>Busqueu un professional que tingui experi\u00e8ncia amb pacients ansiosos o que ofereixi opcions com la sedaci\u00f3 conscient. Sentir-se en confian\u00e7a ho canvia tot.<\/p>\n<ul>\n<li>Porteu un acompanyant<\/li>\n<\/ul>\n<p>Anar-hi amb un amic o familiar pot donar-vos suport emocional i fer que l\u2019experi\u00e8ncia sigui menys intimidant.<\/p>\n<ul>\n<li>Anar-hi amb regularitat<\/li>\n<\/ul>\n<p>Anar al dentista nom\u00e9s quan hi ha dolor o urg\u00e8ncia pot fer que associeu l\u2019experi\u00e8ncia amb sensacions negatives. Si hi aneu sovint, les visites esdevenen rutin\u00e0ries i menys estressants.<\/p>\n<p>Superar la por al dentista no s\u2019aconsegueix de la nit al dia, per\u00f2 amb petits passos \u00e9s possible canviar la percepci\u00f3 i recuperar el control sobre la vostra salut bucal. Recordeu que una boca sana no nom\u00e9s prev\u00e9 malalties, sin\u00f3 que tamb\u00e9 millora l\u2019autoestima i la qualitat de vida.<\/p>\n<p>Anar al dentista no ha de ser una experi\u00e8ncia traum\u00e0tica. Amb empatia, informaci\u00f3 i preparaci\u00f3, podeu transformar la por en confian\u00e7a i benestar.<\/p>\n<p style=\"text-align: right;\">\u00a0\u00a0\u00a0\u00a0\u00a0\u00a0\u00a0\u00a0\u00a0\u00a0\u00a0\u00a0\u00a0\u00a0\u00a0\u00a0\u00a0\u00a0\u00a0\u00a0\u00a0\u00a0\u00a0\u00a0\u00a0\u00a0\u00a0\u00a0\u00a0\u00a0\u00a0\u00a0\u00a0\u00a0\u00a0\u00a0\u00a0\u00a0\u00a0\u00a0\u00a0\u00a0\u00a0\u00a0\u00a0\u00a0\u00a0\u00a0\u00a0\u00a0\u00a0\u00a0\u00a0\u00a0\u00a0\u00a0\u00a0\u00a0\u00a0\u00a0\u00a0\u00a0\u00a0\u00a0\u00a0\u00a0\u00a0\u00a0\u00a0\u00a0\u00a0\u00a0\u00a0\u00a0\u00a0\u00a0\u00a0\u00a0\u00a0\u00a0\u00a0\u00a0 Dr. Francisco Boyer<\/p>\n<p style=\"text-align: right;\">Odont\u00f2leg i CEO de la Cl\u00ednica Boyer<\/p>\n<h6><strong><u><a href=\"https:\/\/www.asssa.es\/ca\/assegurances-salut\/\">ASSSA Assegurances de Salut<\/a><\/u><\/strong><\/h6>\n<h6><em>La informaci\u00f3 publicada en aquest mitj\u00e0 no substitueix ni complementa cap manera l\u2019atenci\u00f3 directa d\u2019un metge, ni el seu diagn\u00f2stic, ni el tractament que prescrigui; tampoc s\u2019ha d\u2019utilitzar per a l\u2019autodiagn\u00f2stic.<\/em><\/h6>\n<h6><em>L\u2019\u00fas que faci el lector d\u2019aquest servei es realitza sota la seva exclusiva responsabilitat.<\/em><\/h6>\n<h6><em>ASSSA recomana que per a qualsevol q\u00fcesti\u00f3 relacionada amb la seva salut consulti sempre amb un metge.<\/em><\/h6>\n","protected":false},"excerpt":{"rendered":"<p>La por al dentista, coneguda com a odontof\u00f2bia, \u00e9s un temor com\u00fa que afecta milions de persones arreu del m\u00f3n. Pot anar des d\u2019una ansietat lleu abans d\u2019una revisi\u00f3 fins a un p\u00e0nic intens que fa que la persona eviti completament qualsevol consulta dental.<\/p>\n","protected":false},"author":17,"featured_media":14852,"comment_status":"open","ping_status":"open","sticky":false,"template":"","format":"standard","meta":{"_acf_changed":false,"footnotes":""},"categories":[41],"tags":[],"class_list":["post-14851","post","type-post","status-publish","format-standard","has-post-thumbnail","hentry","category-dental"],"acf":[],"yoast_head":"<!-- This site is optimized with the Yoast SEO plugin v27.4 - https:\/\/yoast.com\/product\/yoast-seo-wordpress\/ -->\n<title>Estrat\u00e8gies per a superar la por al dentista - ASSSA Catal\u00e1n<\/title>\n<meta name=\"description\" content=\"La por al dentista, coneguda com a odontof\u00f2bia, \u00e9s un temor com\u00fa que afecta milions de persones arreu del m\u00f3n.\" \/>\n<meta name=\"robots\" content=\"index, follow, max-snippet:-1, max-image-preview:large, max-video-preview:-1\" \/>\n<link rel=\"canonical\" href=\"https:\/\/www.asssa.es\/ca\/estrategies-per-a-superar-la-por-al-dentista\/\" \/>\n<meta property=\"og:locale\" content=\"ca_ES\" \/>\n<meta property=\"og:type\" content=\"article\" \/>\n<meta property=\"og:title\" content=\"Estrat\u00e8gies per a superar la por al dentista - ASSSA Catal\u00e1n\" \/>\n<meta property=\"og:description\" content=\"La por al dentista, coneguda com a odontof\u00f2bia, \u00e9s un temor com\u00fa que afecta milions de persones arreu del m\u00f3n.\" \/>\n<meta property=\"og:url\" content=\"https:\/\/www.asssa.es\/ca\/estrategies-per-a-superar-la-por-al-dentista\/\" \/>\n<meta property=\"og:site_name\" content=\"ASSSA Catal\u00e1n\" \/>\n<meta property=\"article:published_time\" content=\"2026-04-28T06:35:23+00:00\" \/>\n<meta property=\"og:image\" content=\"https:\/\/www.asssa.es\/wp-content\/uploads\/2026\/04\/imagen-blog-miedo-dentista-3.png\" \/>\n\t<meta property=\"og:image:width\" content=\"600\" \/>\n\t<meta property=\"og:image:height\" content=\"297\" \/>\n\t<meta property=\"og:image:type\" content=\"image\/png\" \/>\n<meta name=\"author\" content=\"anabisquert\" \/>\n<meta name=\"twitter:card\" content=\"summary_large_image\" \/>\n<meta name=\"twitter:label1\" content=\"Escrit per\" \/>\n\t<meta name=\"twitter:data1\" content=\"anabisquert\" \/>\n\t<meta name=\"twitter:label2\" content=\"Temps estimat de lectura\" \/>\n\t<meta name=\"twitter:data2\" content=\"4 minuts\" \/>\n<script type=\"application\/ld+json\" class=\"yoast-schema-graph\">{\"@context\":\"https:\\\/\\\/schema.org\",\"@graph\":[{\"@type\":\"Article\",\"@id\":\"https:\\\/\\\/www.asssa.es\\\/ca\\\/estrategies-per-a-superar-la-por-al-dentista\\\/#article\",\"isPartOf\":{\"@id\":\"https:\\\/\\\/www.asssa.es\\\/ca\\\/estrategies-per-a-superar-la-por-al-dentista\\\/\"},\"author\":{\"name\":\"anabisquert\",\"@id\":\"https:\\\/\\\/www.asssa.es\\\/ca\\\/#\\\/schema\\\/person\\\/28426677ce1ecdf429f899be3593c606\"},\"headline\":\"Estrat\u00e8gies per a superar la por al dentista\",\"datePublished\":\"2026-04-28T06:35:23+00:00\",\"mainEntityOfPage\":{\"@id\":\"https:\\\/\\\/www.asssa.es\\\/ca\\\/estrategies-per-a-superar-la-por-al-dentista\\\/\"},\"wordCount\":616,\"commentCount\":0,\"image\":{\"@id\":\"https:\\\/\\\/www.asssa.es\\\/ca\\\/estrategies-per-a-superar-la-por-al-dentista\\\/#primaryimage\"},\"thumbnailUrl\":\"https:\\\/\\\/www.asssa.es\\\/wp-content\\\/uploads\\\/2026\\\/04\\\/imagen-blog-miedo-dentista-3.png\",\"articleSection\":[\"Dental\"],\"inLanguage\":\"ca\",\"potentialAction\":[{\"@type\":\"CommentAction\",\"name\":\"Comment\",\"target\":[\"https:\\\/\\\/www.asssa.es\\\/ca\\\/estrategies-per-a-superar-la-por-al-dentista\\\/#respond\"]}]},{\"@type\":\"WebPage\",\"@id\":\"https:\\\/\\\/www.asssa.es\\\/ca\\\/estrategies-per-a-superar-la-por-al-dentista\\\/\",\"url\":\"https:\\\/\\\/www.asssa.es\\\/ca\\\/estrategies-per-a-superar-la-por-al-dentista\\\/\",\"name\":\"Estrat\u00e8gies per a superar la por al dentista - ASSSA Catal\u00e1n\",\"isPartOf\":{\"@id\":\"https:\\\/\\\/www.asssa.es\\\/ca\\\/#website\"},\"primaryImageOfPage\":{\"@id\":\"https:\\\/\\\/www.asssa.es\\\/ca\\\/estrategies-per-a-superar-la-por-al-dentista\\\/#primaryimage\"},\"image\":{\"@id\":\"https:\\\/\\\/www.asssa.es\\\/ca\\\/estrategies-per-a-superar-la-por-al-dentista\\\/#primaryimage\"},\"thumbnailUrl\":\"https:\\\/\\\/www.asssa.es\\\/wp-content\\\/uploads\\\/2026\\\/04\\\/imagen-blog-miedo-dentista-3.png\",\"datePublished\":\"2026-04-28T06:35:23+00:00\",\"author\":{\"@id\":\"https:\\\/\\\/www.asssa.es\\\/ca\\\/#\\\/schema\\\/person\\\/28426677ce1ecdf429f899be3593c606\"},\"description\":\"La por al dentista, coneguda com a odontof\u00f2bia, \u00e9s un temor com\u00fa que afecta milions de persones arreu del m\u00f3n.\",\"breadcrumb\":{\"@id\":\"https:\\\/\\\/www.asssa.es\\\/ca\\\/estrategies-per-a-superar-la-por-al-dentista\\\/#breadcrumb\"},\"inLanguage\":\"ca\",\"potentialAction\":[{\"@type\":\"ReadAction\",\"target\":[\"https:\\\/\\\/www.asssa.es\\\/ca\\\/estrategies-per-a-superar-la-por-al-dentista\\\/\"]}]},{\"@type\":\"ImageObject\",\"inLanguage\":\"ca\",\"@id\":\"https:\\\/\\\/www.asssa.es\\\/ca\\\/estrategies-per-a-superar-la-por-al-dentista\\\/#primaryimage\",\"url\":\"https:\\\/\\\/www.asssa.es\\\/wp-content\\\/uploads\\\/2026\\\/04\\\/imagen-blog-miedo-dentista-3.png\",\"contentUrl\":\"https:\\\/\\\/www.asssa.es\\\/wp-content\\\/uploads\\\/2026\\\/04\\\/imagen-blog-miedo-dentista-3.png\",\"width\":600,\"height\":297},{\"@type\":\"BreadcrumbList\",\"@id\":\"https:\\\/\\\/www.asssa.es\\\/ca\\\/estrategies-per-a-superar-la-por-al-dentista\\\/#breadcrumb\",\"itemListElement\":[{\"@type\":\"ListItem\",\"position\":1,\"name\":\"Portada\",\"item\":\"https:\\\/\\\/www.asssa.es\\\/ca\\\/\"},{\"@type\":\"ListItem\",\"position\":2,\"name\":\"Estrat\u00e8gies per a superar la por al dentista\"}]},{\"@type\":\"WebSite\",\"@id\":\"https:\\\/\\\/www.asssa.es\\\/ca\\\/#website\",\"url\":\"https:\\\/\\\/www.asssa.es\\\/ca\\\/\",\"name\":\"ASSSA Catal\u00e1n\",\"description\":\"\",\"potentialAction\":[{\"@type\":\"SearchAction\",\"target\":{\"@type\":\"EntryPoint\",\"urlTemplate\":\"https:\\\/\\\/www.asssa.es\\\/ca\\\/?s={search_term_string}\"},\"query-input\":{\"@type\":\"PropertyValueSpecification\",\"valueRequired\":true,\"valueName\":\"search_term_string\"}}],\"inLanguage\":\"ca\"},{\"@type\":\"Person\",\"@id\":\"https:\\\/\\\/www.asssa.es\\\/ca\\\/#\\\/schema\\\/person\\\/28426677ce1ecdf429f899be3593c606\",\"name\":\"anabisquert\",\"image\":{\"@type\":\"ImageObject\",\"inLanguage\":\"ca\",\"@id\":\"https:\\\/\\\/secure.gravatar.com\\\/avatar\\\/e9cae4df96875fce5fb542f19394d31947278addfbdcdc1f4b3381f226af94d5?s=96&d=mm&r=g\",\"url\":\"https:\\\/\\\/secure.gravatar.com\\\/avatar\\\/e9cae4df96875fce5fb542f19394d31947278addfbdcdc1f4b3381f226af94d5?s=96&d=mm&r=g\",\"contentUrl\":\"https:\\\/\\\/secure.gravatar.com\\\/avatar\\\/e9cae4df96875fce5fb542f19394d31947278addfbdcdc1f4b3381f226af94d5?s=96&d=mm&r=g\",\"caption\":\"anabisquert\"},\"url\":\"https:\\\/\\\/www.asssa.es\\\/ca\\\/author\\\/anabisquert\\\/\"}]}<\/script>\n<!-- \/ Yoast SEO plugin. -->","yoast_head_json":{"title":"Estrat\u00e8gies per a superar la por al dentista - ASSSA Catal\u00e1n","description":"La por al dentista, coneguda com a odontof\u00f2bia, \u00e9s un temor com\u00fa que afecta milions de persones arreu del m\u00f3n.","robots":{"index":"index","follow":"follow","max-snippet":"max-snippet:-1","max-image-preview":"max-image-preview:large","max-video-preview":"max-video-preview:-1"},"canonical":"https:\/\/www.asssa.es\/ca\/estrategies-per-a-superar-la-por-al-dentista\/","og_locale":"ca_ES","og_type":"article","og_title":"Estrat\u00e8gies per a superar la por al dentista - ASSSA Catal\u00e1n","og_description":"La por al dentista, coneguda com a odontof\u00f2bia, \u00e9s un temor com\u00fa que afecta milions de persones arreu del m\u00f3n.","og_url":"https:\/\/www.asssa.es\/ca\/estrategies-per-a-superar-la-por-al-dentista\/","og_site_name":"ASSSA Catal\u00e1n","article_published_time":"2026-04-28T06:35:23+00:00","og_image":[{"width":600,"height":297,"url":"https:\/\/www.asssa.es\/wp-content\/uploads\/2026\/04\/imagen-blog-miedo-dentista-3.png","type":"image\/png"}],"author":"anabisquert","twitter_card":"summary_large_image","twitter_misc":{"Escrit per":"anabisquert","Temps estimat de lectura":"4 minuts"},"schema":{"@context":"https:\/\/schema.org","@graph":[{"@type":"Article","@id":"https:\/\/www.asssa.es\/ca\/estrategies-per-a-superar-la-por-al-dentista\/#article","isPartOf":{"@id":"https:\/\/www.asssa.es\/ca\/estrategies-per-a-superar-la-por-al-dentista\/"},"author":{"name":"anabisquert","@id":"https:\/\/www.asssa.es\/ca\/#\/schema\/person\/28426677ce1ecdf429f899be3593c606"},"headline":"Estrat\u00e8gies per a superar la por al dentista","datePublished":"2026-04-28T06:35:23+00:00","mainEntityOfPage":{"@id":"https:\/\/www.asssa.es\/ca\/estrategies-per-a-superar-la-por-al-dentista\/"},"wordCount":616,"commentCount":0,"image":{"@id":"https:\/\/www.asssa.es\/ca\/estrategies-per-a-superar-la-por-al-dentista\/#primaryimage"},"thumbnailUrl":"https:\/\/www.asssa.es\/wp-content\/uploads\/2026\/04\/imagen-blog-miedo-dentista-3.png","articleSection":["Dental"],"inLanguage":"ca","potentialAction":[{"@type":"CommentAction","name":"Comment","target":["https:\/\/www.asssa.es\/ca\/estrategies-per-a-superar-la-por-al-dentista\/#respond"]}]},{"@type":"WebPage","@id":"https:\/\/www.asssa.es\/ca\/estrategies-per-a-superar-la-por-al-dentista\/","url":"https:\/\/www.asssa.es\/ca\/estrategies-per-a-superar-la-por-al-dentista\/","name":"Estrat\u00e8gies per a superar la por al dentista - ASSSA Catal\u00e1n","isPartOf":{"@id":"https:\/\/www.asssa.es\/ca\/#website"},"primaryImageOfPage":{"@id":"https:\/\/www.asssa.es\/ca\/estrategies-per-a-superar-la-por-al-dentista\/#primaryimage"},"image":{"@id":"https:\/\/www.asssa.es\/ca\/estrategies-per-a-superar-la-por-al-dentista\/#primaryimage"},"thumbnailUrl":"https:\/\/www.asssa.es\/wp-content\/uploads\/2026\/04\/imagen-blog-miedo-dentista-3.png","datePublished":"2026-04-28T06:35:23+00:00","author":{"@id":"https:\/\/www.asssa.es\/ca\/#\/schema\/person\/28426677ce1ecdf429f899be3593c606"},"description":"La por al dentista, coneguda com a odontof\u00f2bia, \u00e9s un temor com\u00fa que afecta milions de persones arreu del m\u00f3n.","breadcrumb":{"@id":"https:\/\/www.asssa.es\/ca\/estrategies-per-a-superar-la-por-al-dentista\/#breadcrumb"},"inLanguage":"ca","potentialAction":[{"@type":"ReadAction","target":["https:\/\/www.asssa.es\/ca\/estrategies-per-a-superar-la-por-al-dentista\/"]}]},{"@type":"ImageObject","inLanguage":"ca","@id":"https:\/\/www.asssa.es\/ca\/estrategies-per-a-superar-la-por-al-dentista\/#primaryimage","url":"https:\/\/www.asssa.es\/wp-content\/uploads\/2026\/04\/imagen-blog-miedo-dentista-3.png","contentUrl":"https:\/\/www.asssa.es\/wp-content\/uploads\/2026\/04\/imagen-blog-miedo-dentista-3.png","width":600,"height":297},{"@type":"BreadcrumbList","@id":"https:\/\/www.asssa.es\/ca\/estrategies-per-a-superar-la-por-al-dentista\/#breadcrumb","itemListElement":[{"@type":"ListItem","position":1,"name":"Portada","item":"https:\/\/www.asssa.es\/ca\/"},{"@type":"ListItem","position":2,"name":"Estrat\u00e8gies per a superar la por al dentista"}]},{"@type":"WebSite","@id":"https:\/\/www.asssa.es\/ca\/#website","url":"https:\/\/www.asssa.es\/ca\/","name":"ASSSA Catal\u00e1n","description":"","potentialAction":[{"@type":"SearchAction","target":{"@type":"EntryPoint","urlTemplate":"https:\/\/www.asssa.es\/ca\/?s={search_term_string}"},"query-input":{"@type":"PropertyValueSpecification","valueRequired":true,"valueName":"search_term_string"}}],"inLanguage":"ca"},{"@type":"Person","@id":"https:\/\/www.asssa.es\/ca\/#\/schema\/person\/28426677ce1ecdf429f899be3593c606","name":"anabisquert","image":{"@type":"ImageObject","inLanguage":"ca","@id":"https:\/\/secure.gravatar.com\/avatar\/e9cae4df96875fce5fb542f19394d31947278addfbdcdc1f4b3381f226af94d5?s=96&d=mm&r=g","url":"https:\/\/secure.gravatar.com\/avatar\/e9cae4df96875fce5fb542f19394d31947278addfbdcdc1f4b3381f226af94d5?s=96&d=mm&r=g","contentUrl":"https:\/\/secure.gravatar.com\/avatar\/e9cae4df96875fce5fb542f19394d31947278addfbdcdc1f4b3381f226af94d5?s=96&d=mm&r=g","caption":"anabisquert"},"url":"https:\/\/www.asssa.es\/ca\/author\/anabisquert\/"}]}},"jetpack_featured_media_url":"https:\/\/www.asssa.es\/wp-content\/uploads\/2026\/04\/imagen-blog-miedo-dentista-3.png","_links":{"self":[{"href":"https:\/\/www.asssa.es\/ca\/wp-json\/wp\/v2\/posts\/14851","targetHints":{"allow":["GET"]}}],"collection":[{"href":"https:\/\/www.asssa.es\/ca\/wp-json\/wp\/v2\/posts"}],"about":[{"href":"https:\/\/www.asssa.es\/ca\/wp-json\/wp\/v2\/types\/post"}],"author":[{"embeddable":true,"href":"https:\/\/www.asssa.es\/ca\/wp-json\/wp\/v2\/users\/17"}],"replies":[{"embeddable":true,"href":"https:\/\/www.asssa.es\/ca\/wp-json\/wp\/v2\/comments?post=14851"}],"version-history":[{"count":1,"href":"https:\/\/www.asssa.es\/ca\/wp-json\/wp\/v2\/posts\/14851\/revisions"}],"predecessor-version":[{"id":14853,"href":"https:\/\/www.asssa.es\/ca\/wp-json\/wp\/v2\/posts\/14851\/revisions\/14853"}],"wp:featuredmedia":[{"embeddable":true,"href":"https:\/\/www.asssa.es\/ca\/wp-json\/wp\/v2\/media\/14852"}],"wp:attachment":[{"href":"https:\/\/www.asssa.es\/ca\/wp-json\/wp\/v2\/media?parent=14851"}],"wp:term":[{"taxonomy":"category","embeddable":true,"href":"https:\/\/www.asssa.es\/ca\/wp-json\/wp\/v2\/categories?post=14851"},{"taxonomy":"post_tag","embeddable":true,"href":"https:\/\/www.asssa.es\/ca\/wp-json\/wp\/v2\/tags?post=14851"}],"curies":[{"name":"wp","href":"https:\/\/api.w.org\/{rel}","templated":true}]}}