{"id":8015,"date":"2023-03-01T08:42:45","date_gmt":"2023-03-01T07:42:45","guid":{"rendered":"https:\/\/www.asssa.es\/ca\/?p=8015"},"modified":"2023-03-01T08:42:45","modified_gmt":"2023-03-01T07:42:45","slug":"collapse-de-loclusio-posterior-per-que-perdre-una-dent-pot-provocar-ne-la-perdua-daltres","status":"publish","type":"post","link":"https:\/\/www.asssa.es\/ca\/collapse-de-loclusio-posterior-per-que-perdre-una-dent-pot-provocar-ne-la-perdua-daltres\/","title":{"rendered":"Col\u00b7lapse de l\u2019oclusi\u00f3 posterior: per qu\u00e8 perdre una dent pot provocar-ne la p\u00e8rdua d\u2019altres?"},"content":{"rendered":"<p>El col\u00b7lapse de l\u2019oclusi\u00f3 \u00e9s un dels problemes odontol\u00f2gics m\u00e9s complexes que es resolen a les cl\u00edniques dentals, amb un tractament complicat i de dificultat patol\u00f2gica. Aquesta disfunci\u00f3 de la masticaci\u00f3 que genera tants problemes es podria evitar amb un tractament preco\u00e7.<\/p>\n<p><!--more--><\/p>\n<p>&nbsp;<\/p>\n<p><strong>En qu\u00e8 consisteix?<\/strong><\/p>\n<p>En termes odontol\u00f2gics, parlem d\u2019\u00aboclusi\u00f3\u00bb quan les superf\u00edcies dentals entren en contacte i s\u2019hi recolzen de manera estable. Aix\u00ed doncs, <strong>parlem de <\/strong>\u00ab<strong>col\u00b7lapse de l\u2019oclusi\u00f3 posterior<\/strong>\u00bb <strong>quan la posici\u00f3 correcta queda destru\u00efda per la p\u00e8rdua de dents al sector posterior de la mand\u00edbula.<\/strong> Aix\u00f2 succeeix quan no es reposen les peces dentals i afecta un 32\u00a0% dels pacients.<\/p>\n<p>Aquesta s\u00edndrome es caracteritza per la manca de contacte entre les molars superiors i les antagonistes, les inferiors, i, per tant, la posici\u00f3 incorrecta de la mand\u00edbula, la qual cosa <strong>genera moviments an\u00f2mals que interfereixen en la mossegada, no permeten mastegar b\u00e9 i posen en risc la resta de les dents.<\/strong><\/p>\n<p>&nbsp;<\/p>\n<p><strong>Conseq\u00fc\u00e8ncies i tractament<\/strong><\/p>\n<p>El col\u00b7lapse de l\u2019oclusi\u00f3 posterior comporta una <strong>sobrec\u00e0rrega anterior dental<\/strong> (sector anterior de la boca). A aix\u00f2 es suma el fet que el pacient presenta una<strong> p\u00e8rdua de la dimensi\u00f3 vertical<\/strong>, \u00e9s a dir, la dist\u00e0ncia que separa el ment\u00f3 de la base del nas (al\u00e7\u00e0ria de la boca) es veu alterada per aquesta s\u00edndrome. Per aconseguir que torni a la normalitat, cal fer-ne una avaluaci\u00f3 i un tractament multidisciplinari.<\/p>\n<p>Fins i tot hi ha casos en qu\u00e8 cal rec\u00f3rrer a la <strong>prostod\u00f2ncia<\/strong> per corregir la dimensi\u00f3 vertical. Es tracta d\u2019un procediment necessari, doncs l\u2019abs\u00e8ncia de molars fa que altres dents suportin m\u00e9s c\u00e0rrega de la necess\u00e0ria. Aix\u00ed doncs, es col\u00b7loquen fundes a tota la boca per augmentar l\u2019al\u00e7\u00e0ria que s\u2019havia perdut amb el pas del temps. En diagn\u00f2stics m\u00e9s complicats, s\u2019ha de rec\u00f3rrer a ortod\u00f2ncies o cirurgia orofacial.<\/p>\n<p>&nbsp;<\/p>\n<p><strong>La import\u00e0ncia de la prevenci\u00f3<\/strong><\/p>\n<p>Donada la prevalen\u00e7a d\u2019un augment de pacients que perden les molars al llarg de la seva vida, el millor tractament per evitar el col\u00b7lapse de l\u2019oclusi\u00f3 anterior o posterior \u00e9s la <strong>prevenci\u00f3<\/strong>, mitjan\u00e7ant la reposici\u00f3 a curt termini de les peces dentals que s\u2019han perdut amb pr\u00f2tesis fixes o amovibles, en funci\u00f3 d\u2019all\u00f2 que es consideri m\u00e9s adient per a cada pacient.<\/p>\n<p>Per no arribar a aquesta situaci\u00f3, \u00e9s fonamental impedir la p\u00e8rdua de peces dentals i aix\u00f2 dep\u00e8n del comprom\u00eds de cada pacient. Les <strong>directrius clau<\/strong>:<\/p>\n<ul>\n<li>Raspallar-se les dents tres cops al dia.<\/li>\n<li>Fer servir seda dental.<\/li>\n<li>Anar al dentista de confian\u00e7a, com a m\u00ednim, un cop l\u2019any.<\/li>\n<\/ul>\n<p>&nbsp;<\/p>\n<p>Amb la detecci\u00f3 preco\u00e7 es podran resoldre possibles problemes abans d\u2019arribar a perdre la dent. Si, a m\u00e9s, es realitzen higienes dentals, s\u2019aconseguir\u00e0 mantenir la salut de les genives i del periodonci, al mateix temps que es podran localitzar possibles c\u00e0ries en fase inicial.<\/p>\n<p style=\"text-align: right;\">Mar\u00eda Jos\u00e9 Rodr\u00edguez Hidalgo<\/p>\n<p style=\"text-align: right;\">Odont\u00f2loga. Especialista en ortod\u00f2ncia, prostod\u00f2ncia i rehabilitaci\u00f3<\/p>\n<p style=\"text-align: right;\">Cl\u00ednica Dentalbox<\/p>\n<h6><strong><u><a href=\"https:\/\/www.asssa.es\/ca\/assegurances-salut\/\">ASSSA Assegurances de Salut<\/a><\/u><\/strong><\/h6>\n<h6><em>La informaci\u00f3 publicada en aquest mitj\u00e0 no substitueix ni complementa cap manera l\u2019atenci\u00f3 directa d\u2019un metge, ni el seu diagn\u00f2stic, ni el tractament que prescrigui; tampoc s\u2019ha d\u2019utilitzar per a l\u2019autodiagn\u00f2stic.<\/em><\/h6>\n<h6><em>L\u2019\u00fas que faci el lector d\u2019aquest servei es realitza sota la seva exclusiva responsabilitat.<\/em><\/h6>\n<h6><em>ASSSA recomana que per a qualsevol q\u00fcesti\u00f3 relacionada amb la seva salut consulti sempre amb un metge.<\/em><\/h6>\n","protected":false},"excerpt":{"rendered":"<p>El col\u00b7lapse de l\u2019oclusi\u00f3 \u00e9s un dels problemes odontol\u00f2gics m\u00e9s complexes que es resolen a les cl\u00edniques dentals, amb un tractament complicat i de dificultat patol\u00f2gica. Aquesta disfunci\u00f3 de la masticaci\u00f3 que genera tants problemes es podria evitar amb un tractament preco\u00e7.<\/p>\n","protected":false},"author":17,"featured_media":8030,"comment_status":"open","ping_status":"open","sticky":false,"template":"","format":"standard","meta":{"_acf_changed":false,"footnotes":""},"categories":[41],"tags":[],"class_list":["post-8015","post","type-post","status-publish","format-standard","has-post-thumbnail","hentry","category-dental"],"acf":[],"yoast_head":"<!-- This site is optimized with the Yoast SEO plugin v27.4 - https:\/\/yoast.com\/product\/yoast-seo-wordpress\/ -->\n<title>Col\u00b7lapse de l\u2019oclusi\u00f3 posterior: per qu\u00e8 perdre una dent pot provocar-ne la p\u00e8rdua d\u2019altres? - ASSSA Catal\u00e1n<\/title>\n<meta name=\"robots\" content=\"index, follow, max-snippet:-1, max-image-preview:large, max-video-preview:-1\" \/>\n<link rel=\"canonical\" href=\"https:\/\/www.asssa.es\/ca\/collapse-de-loclusio-posterior-per-que-perdre-una-dent-pot-provocar-ne-la-perdua-daltres\/\" \/>\n<meta property=\"og:locale\" content=\"ca_ES\" \/>\n<meta property=\"og:type\" content=\"article\" \/>\n<meta property=\"og:title\" content=\"Col\u00b7lapse de l\u2019oclusi\u00f3 posterior: per qu\u00e8 perdre una dent pot provocar-ne la p\u00e8rdua d\u2019altres? - ASSSA Catal\u00e1n\" \/>\n<meta property=\"og:description\" content=\"El col\u00b7lapse de l\u2019oclusi\u00f3 \u00e9s un dels problemes odontol\u00f2gics m\u00e9s complexes que es resolen a les cl\u00edniques dentals, amb un tractament complicat i de dificultat patol\u00f2gica. Aquesta disfunci\u00f3 de la masticaci\u00f3 que genera tants problemes es podria evitar amb un tractament preco\u00e7.\" \/>\n<meta property=\"og:url\" content=\"https:\/\/www.asssa.es\/ca\/collapse-de-loclusio-posterior-per-que-perdre-una-dent-pot-provocar-ne-la-perdua-daltres\/\" \/>\n<meta property=\"og:site_name\" content=\"ASSSA Catal\u00e1n\" \/>\n<meta property=\"article:published_time\" content=\"2023-03-01T07:42:45+00:00\" \/>\n<meta property=\"og:image\" content=\"https:\/\/www.asssa.es\/wp-content\/uploads\/2023\/02\/imagen-blog-colapso-oclusal-posterior-3.png\" \/>\n\t<meta property=\"og:image:width\" content=\"600\" \/>\n\t<meta property=\"og:image:height\" content=\"297\" \/>\n\t<meta property=\"og:image:type\" content=\"image\/png\" \/>\n<meta name=\"author\" content=\"anabisquert\" \/>\n<meta name=\"twitter:card\" content=\"summary_large_image\" \/>\n<meta name=\"twitter:label1\" content=\"Escrit per\" \/>\n\t<meta name=\"twitter:data1\" content=\"anabisquert\" \/>\n\t<meta name=\"twitter:label2\" content=\"Temps estimat de lectura\" \/>\n\t<meta name=\"twitter:data2\" content=\"3 minuts\" \/>\n<script type=\"application\/ld+json\" class=\"yoast-schema-graph\">{\"@context\":\"https:\\\/\\\/schema.org\",\"@graph\":[{\"@type\":\"Article\",\"@id\":\"https:\\\/\\\/www.asssa.es\\\/ca\\\/collapse-de-loclusio-posterior-per-que-perdre-una-dent-pot-provocar-ne-la-perdua-daltres\\\/#article\",\"isPartOf\":{\"@id\":\"https:\\\/\\\/www.asssa.es\\\/ca\\\/collapse-de-loclusio-posterior-per-que-perdre-una-dent-pot-provocar-ne-la-perdua-daltres\\\/\"},\"author\":{\"name\":\"anabisquert\",\"@id\":\"https:\\\/\\\/www.asssa.es\\\/ca\\\/#\\\/schema\\\/person\\\/28426677ce1ecdf429f899be3593c606\"},\"headline\":\"Col\u00b7lapse de l\u2019oclusi\u00f3 posterior: per qu\u00e8 perdre una dent pot provocar-ne la p\u00e8rdua d\u2019altres?\",\"datePublished\":\"2023-03-01T07:42:45+00:00\",\"mainEntityOfPage\":{\"@id\":\"https:\\\/\\\/www.asssa.es\\\/ca\\\/collapse-de-loclusio-posterior-per-que-perdre-una-dent-pot-provocar-ne-la-perdua-daltres\\\/\"},\"wordCount\":633,\"commentCount\":0,\"image\":{\"@id\":\"https:\\\/\\\/www.asssa.es\\\/ca\\\/collapse-de-loclusio-posterior-per-que-perdre-una-dent-pot-provocar-ne-la-perdua-daltres\\\/#primaryimage\"},\"thumbnailUrl\":\"https:\\\/\\\/www.asssa.es\\\/wp-content\\\/uploads\\\/2023\\\/02\\\/imagen-blog-colapso-oclusal-posterior-3.png\",\"articleSection\":[\"Dental\"],\"inLanguage\":\"ca\",\"potentialAction\":[{\"@type\":\"CommentAction\",\"name\":\"Comment\",\"target\":[\"https:\\\/\\\/www.asssa.es\\\/ca\\\/collapse-de-loclusio-posterior-per-que-perdre-una-dent-pot-provocar-ne-la-perdua-daltres\\\/#respond\"]}]},{\"@type\":\"WebPage\",\"@id\":\"https:\\\/\\\/www.asssa.es\\\/ca\\\/collapse-de-loclusio-posterior-per-que-perdre-una-dent-pot-provocar-ne-la-perdua-daltres\\\/\",\"url\":\"https:\\\/\\\/www.asssa.es\\\/ca\\\/collapse-de-loclusio-posterior-per-que-perdre-una-dent-pot-provocar-ne-la-perdua-daltres\\\/\",\"name\":\"Col\u00b7lapse de l\u2019oclusi\u00f3 posterior: per qu\u00e8 perdre una dent pot provocar-ne la p\u00e8rdua d\u2019altres? - ASSSA Catal\u00e1n\",\"isPartOf\":{\"@id\":\"https:\\\/\\\/www.asssa.es\\\/ca\\\/#website\"},\"primaryImageOfPage\":{\"@id\":\"https:\\\/\\\/www.asssa.es\\\/ca\\\/collapse-de-loclusio-posterior-per-que-perdre-una-dent-pot-provocar-ne-la-perdua-daltres\\\/#primaryimage\"},\"image\":{\"@id\":\"https:\\\/\\\/www.asssa.es\\\/ca\\\/collapse-de-loclusio-posterior-per-que-perdre-una-dent-pot-provocar-ne-la-perdua-daltres\\\/#primaryimage\"},\"thumbnailUrl\":\"https:\\\/\\\/www.asssa.es\\\/wp-content\\\/uploads\\\/2023\\\/02\\\/imagen-blog-colapso-oclusal-posterior-3.png\",\"datePublished\":\"2023-03-01T07:42:45+00:00\",\"author\":{\"@id\":\"https:\\\/\\\/www.asssa.es\\\/ca\\\/#\\\/schema\\\/person\\\/28426677ce1ecdf429f899be3593c606\"},\"breadcrumb\":{\"@id\":\"https:\\\/\\\/www.asssa.es\\\/ca\\\/collapse-de-loclusio-posterior-per-que-perdre-una-dent-pot-provocar-ne-la-perdua-daltres\\\/#breadcrumb\"},\"inLanguage\":\"ca\",\"potentialAction\":[{\"@type\":\"ReadAction\",\"target\":[\"https:\\\/\\\/www.asssa.es\\\/ca\\\/collapse-de-loclusio-posterior-per-que-perdre-una-dent-pot-provocar-ne-la-perdua-daltres\\\/\"]}]},{\"@type\":\"ImageObject\",\"inLanguage\":\"ca\",\"@id\":\"https:\\\/\\\/www.asssa.es\\\/ca\\\/collapse-de-loclusio-posterior-per-que-perdre-una-dent-pot-provocar-ne-la-perdua-daltres\\\/#primaryimage\",\"url\":\"https:\\\/\\\/www.asssa.es\\\/wp-content\\\/uploads\\\/2023\\\/02\\\/imagen-blog-colapso-oclusal-posterior-3.png\",\"contentUrl\":\"https:\\\/\\\/www.asssa.es\\\/wp-content\\\/uploads\\\/2023\\\/02\\\/imagen-blog-colapso-oclusal-posterior-3.png\",\"width\":600,\"height\":297},{\"@type\":\"BreadcrumbList\",\"@id\":\"https:\\\/\\\/www.asssa.es\\\/ca\\\/collapse-de-loclusio-posterior-per-que-perdre-una-dent-pot-provocar-ne-la-perdua-daltres\\\/#breadcrumb\",\"itemListElement\":[{\"@type\":\"ListItem\",\"position\":1,\"name\":\"Portada\",\"item\":\"https:\\\/\\\/www.asssa.es\\\/ca\\\/\"},{\"@type\":\"ListItem\",\"position\":2,\"name\":\"Col\u00b7lapse de l\u2019oclusi\u00f3 posterior: per qu\u00e8 perdre una dent pot provocar-ne la p\u00e8rdua d\u2019altres?\"}]},{\"@type\":\"WebSite\",\"@id\":\"https:\\\/\\\/www.asssa.es\\\/ca\\\/#website\",\"url\":\"https:\\\/\\\/www.asssa.es\\\/ca\\\/\",\"name\":\"ASSSA Catal\u00e1n\",\"description\":\"\",\"potentialAction\":[{\"@type\":\"SearchAction\",\"target\":{\"@type\":\"EntryPoint\",\"urlTemplate\":\"https:\\\/\\\/www.asssa.es\\\/ca\\\/?s={search_term_string}\"},\"query-input\":{\"@type\":\"PropertyValueSpecification\",\"valueRequired\":true,\"valueName\":\"search_term_string\"}}],\"inLanguage\":\"ca\"},{\"@type\":\"Person\",\"@id\":\"https:\\\/\\\/www.asssa.es\\\/ca\\\/#\\\/schema\\\/person\\\/28426677ce1ecdf429f899be3593c606\",\"name\":\"anabisquert\",\"image\":{\"@type\":\"ImageObject\",\"inLanguage\":\"ca\",\"@id\":\"https:\\\/\\\/secure.gravatar.com\\\/avatar\\\/e9cae4df96875fce5fb542f19394d31947278addfbdcdc1f4b3381f226af94d5?s=96&d=mm&r=g\",\"url\":\"https:\\\/\\\/secure.gravatar.com\\\/avatar\\\/e9cae4df96875fce5fb542f19394d31947278addfbdcdc1f4b3381f226af94d5?s=96&d=mm&r=g\",\"contentUrl\":\"https:\\\/\\\/secure.gravatar.com\\\/avatar\\\/e9cae4df96875fce5fb542f19394d31947278addfbdcdc1f4b3381f226af94d5?s=96&d=mm&r=g\",\"caption\":\"anabisquert\"},\"url\":\"https:\\\/\\\/www.asssa.es\\\/ca\\\/author\\\/anabisquert\\\/\"}]}<\/script>\n<!-- \/ Yoast SEO plugin. -->","yoast_head_json":{"title":"Col\u00b7lapse de l\u2019oclusi\u00f3 posterior: per qu\u00e8 perdre una dent pot provocar-ne la p\u00e8rdua d\u2019altres? - ASSSA Catal\u00e1n","robots":{"index":"index","follow":"follow","max-snippet":"max-snippet:-1","max-image-preview":"max-image-preview:large","max-video-preview":"max-video-preview:-1"},"canonical":"https:\/\/www.asssa.es\/ca\/collapse-de-loclusio-posterior-per-que-perdre-una-dent-pot-provocar-ne-la-perdua-daltres\/","og_locale":"ca_ES","og_type":"article","og_title":"Col\u00b7lapse de l\u2019oclusi\u00f3 posterior: per qu\u00e8 perdre una dent pot provocar-ne la p\u00e8rdua d\u2019altres? - ASSSA Catal\u00e1n","og_description":"El col\u00b7lapse de l\u2019oclusi\u00f3 \u00e9s un dels problemes odontol\u00f2gics m\u00e9s complexes que es resolen a les cl\u00edniques dentals, amb un tractament complicat i de dificultat patol\u00f2gica. Aquesta disfunci\u00f3 de la masticaci\u00f3 que genera tants problemes es podria evitar amb un tractament preco\u00e7.","og_url":"https:\/\/www.asssa.es\/ca\/collapse-de-loclusio-posterior-per-que-perdre-una-dent-pot-provocar-ne-la-perdua-daltres\/","og_site_name":"ASSSA Catal\u00e1n","article_published_time":"2023-03-01T07:42:45+00:00","og_image":[{"width":600,"height":297,"url":"https:\/\/www.asssa.es\/wp-content\/uploads\/2023\/02\/imagen-blog-colapso-oclusal-posterior-3.png","type":"image\/png"}],"author":"anabisquert","twitter_card":"summary_large_image","twitter_misc":{"Escrit per":"anabisquert","Temps estimat de lectura":"3 minuts"},"schema":{"@context":"https:\/\/schema.org","@graph":[{"@type":"Article","@id":"https:\/\/www.asssa.es\/ca\/collapse-de-loclusio-posterior-per-que-perdre-una-dent-pot-provocar-ne-la-perdua-daltres\/#article","isPartOf":{"@id":"https:\/\/www.asssa.es\/ca\/collapse-de-loclusio-posterior-per-que-perdre-una-dent-pot-provocar-ne-la-perdua-daltres\/"},"author":{"name":"anabisquert","@id":"https:\/\/www.asssa.es\/ca\/#\/schema\/person\/28426677ce1ecdf429f899be3593c606"},"headline":"Col\u00b7lapse de l\u2019oclusi\u00f3 posterior: per qu\u00e8 perdre una dent pot provocar-ne la p\u00e8rdua d\u2019altres?","datePublished":"2023-03-01T07:42:45+00:00","mainEntityOfPage":{"@id":"https:\/\/www.asssa.es\/ca\/collapse-de-loclusio-posterior-per-que-perdre-una-dent-pot-provocar-ne-la-perdua-daltres\/"},"wordCount":633,"commentCount":0,"image":{"@id":"https:\/\/www.asssa.es\/ca\/collapse-de-loclusio-posterior-per-que-perdre-una-dent-pot-provocar-ne-la-perdua-daltres\/#primaryimage"},"thumbnailUrl":"https:\/\/www.asssa.es\/wp-content\/uploads\/2023\/02\/imagen-blog-colapso-oclusal-posterior-3.png","articleSection":["Dental"],"inLanguage":"ca","potentialAction":[{"@type":"CommentAction","name":"Comment","target":["https:\/\/www.asssa.es\/ca\/collapse-de-loclusio-posterior-per-que-perdre-una-dent-pot-provocar-ne-la-perdua-daltres\/#respond"]}]},{"@type":"WebPage","@id":"https:\/\/www.asssa.es\/ca\/collapse-de-loclusio-posterior-per-que-perdre-una-dent-pot-provocar-ne-la-perdua-daltres\/","url":"https:\/\/www.asssa.es\/ca\/collapse-de-loclusio-posterior-per-que-perdre-una-dent-pot-provocar-ne-la-perdua-daltres\/","name":"Col\u00b7lapse de l\u2019oclusi\u00f3 posterior: per qu\u00e8 perdre una dent pot provocar-ne la p\u00e8rdua d\u2019altres? - ASSSA Catal\u00e1n","isPartOf":{"@id":"https:\/\/www.asssa.es\/ca\/#website"},"primaryImageOfPage":{"@id":"https:\/\/www.asssa.es\/ca\/collapse-de-loclusio-posterior-per-que-perdre-una-dent-pot-provocar-ne-la-perdua-daltres\/#primaryimage"},"image":{"@id":"https:\/\/www.asssa.es\/ca\/collapse-de-loclusio-posterior-per-que-perdre-una-dent-pot-provocar-ne-la-perdua-daltres\/#primaryimage"},"thumbnailUrl":"https:\/\/www.asssa.es\/wp-content\/uploads\/2023\/02\/imagen-blog-colapso-oclusal-posterior-3.png","datePublished":"2023-03-01T07:42:45+00:00","author":{"@id":"https:\/\/www.asssa.es\/ca\/#\/schema\/person\/28426677ce1ecdf429f899be3593c606"},"breadcrumb":{"@id":"https:\/\/www.asssa.es\/ca\/collapse-de-loclusio-posterior-per-que-perdre-una-dent-pot-provocar-ne-la-perdua-daltres\/#breadcrumb"},"inLanguage":"ca","potentialAction":[{"@type":"ReadAction","target":["https:\/\/www.asssa.es\/ca\/collapse-de-loclusio-posterior-per-que-perdre-una-dent-pot-provocar-ne-la-perdua-daltres\/"]}]},{"@type":"ImageObject","inLanguage":"ca","@id":"https:\/\/www.asssa.es\/ca\/collapse-de-loclusio-posterior-per-que-perdre-una-dent-pot-provocar-ne-la-perdua-daltres\/#primaryimage","url":"https:\/\/www.asssa.es\/wp-content\/uploads\/2023\/02\/imagen-blog-colapso-oclusal-posterior-3.png","contentUrl":"https:\/\/www.asssa.es\/wp-content\/uploads\/2023\/02\/imagen-blog-colapso-oclusal-posterior-3.png","width":600,"height":297},{"@type":"BreadcrumbList","@id":"https:\/\/www.asssa.es\/ca\/collapse-de-loclusio-posterior-per-que-perdre-una-dent-pot-provocar-ne-la-perdua-daltres\/#breadcrumb","itemListElement":[{"@type":"ListItem","position":1,"name":"Portada","item":"https:\/\/www.asssa.es\/ca\/"},{"@type":"ListItem","position":2,"name":"Col\u00b7lapse de l\u2019oclusi\u00f3 posterior: per qu\u00e8 perdre una dent pot provocar-ne la p\u00e8rdua d\u2019altres?"}]},{"@type":"WebSite","@id":"https:\/\/www.asssa.es\/ca\/#website","url":"https:\/\/www.asssa.es\/ca\/","name":"ASSSA Catal\u00e1n","description":"","potentialAction":[{"@type":"SearchAction","target":{"@type":"EntryPoint","urlTemplate":"https:\/\/www.asssa.es\/ca\/?s={search_term_string}"},"query-input":{"@type":"PropertyValueSpecification","valueRequired":true,"valueName":"search_term_string"}}],"inLanguage":"ca"},{"@type":"Person","@id":"https:\/\/www.asssa.es\/ca\/#\/schema\/person\/28426677ce1ecdf429f899be3593c606","name":"anabisquert","image":{"@type":"ImageObject","inLanguage":"ca","@id":"https:\/\/secure.gravatar.com\/avatar\/e9cae4df96875fce5fb542f19394d31947278addfbdcdc1f4b3381f226af94d5?s=96&d=mm&r=g","url":"https:\/\/secure.gravatar.com\/avatar\/e9cae4df96875fce5fb542f19394d31947278addfbdcdc1f4b3381f226af94d5?s=96&d=mm&r=g","contentUrl":"https:\/\/secure.gravatar.com\/avatar\/e9cae4df96875fce5fb542f19394d31947278addfbdcdc1f4b3381f226af94d5?s=96&d=mm&r=g","caption":"anabisquert"},"url":"https:\/\/www.asssa.es\/ca\/author\/anabisquert\/"}]}},"jetpack_featured_media_url":"https:\/\/www.asssa.es\/wp-content\/uploads\/2023\/02\/imagen-blog-colapso-oclusal-posterior-3.png","_links":{"self":[{"href":"https:\/\/www.asssa.es\/ca\/wp-json\/wp\/v2\/posts\/8015","targetHints":{"allow":["GET"]}}],"collection":[{"href":"https:\/\/www.asssa.es\/ca\/wp-json\/wp\/v2\/posts"}],"about":[{"href":"https:\/\/www.asssa.es\/ca\/wp-json\/wp\/v2\/types\/post"}],"author":[{"embeddable":true,"href":"https:\/\/www.asssa.es\/ca\/wp-json\/wp\/v2\/users\/17"}],"replies":[{"embeddable":true,"href":"https:\/\/www.asssa.es\/ca\/wp-json\/wp\/v2\/comments?post=8015"}],"version-history":[{"count":2,"href":"https:\/\/www.asssa.es\/ca\/wp-json\/wp\/v2\/posts\/8015\/revisions"}],"predecessor-version":[{"id":8017,"href":"https:\/\/www.asssa.es\/ca\/wp-json\/wp\/v2\/posts\/8015\/revisions\/8017"}],"wp:featuredmedia":[{"embeddable":true,"href":"https:\/\/www.asssa.es\/ca\/wp-json\/wp\/v2\/media\/8030"}],"wp:attachment":[{"href":"https:\/\/www.asssa.es\/ca\/wp-json\/wp\/v2\/media?parent=8015"}],"wp:term":[{"taxonomy":"category","embeddable":true,"href":"https:\/\/www.asssa.es\/ca\/wp-json\/wp\/v2\/categories?post=8015"},{"taxonomy":"post_tag","embeddable":true,"href":"https:\/\/www.asssa.es\/ca\/wp-json\/wp\/v2\/tags?post=8015"}],"curies":[{"name":"wp","href":"https:\/\/api.w.org\/{rel}","templated":true}]}}