{"id":22641,"date":"2025-10-23T08:24:02","date_gmt":"2025-10-23T06:24:02","guid":{"rendered":"https:\/\/www.asssa.es\/de\/?post_type=noticia&#038;p=22641"},"modified":"2025-10-23T08:24:02","modified_gmt":"2025-10-23T06:24:02","slug":"wir-nehmen-internationalen-tag-der-gemeinschaft-in-barcelona-teil","status":"publish","type":"noticia","link":"https:\/\/www.asssa.es\/de\/nachricht\/wir-nehmen-internationalen-tag-der-gemeinschaft-in-barcelona-teil\/","title":{"rendered":"Wir nehmen Internationalen Tag der Gemeinschaft in Barcelona teil"},"content":{"rendered":"<p>Bei ASSSA sind wir bei wichtigen Veranstaltungen pr\u00e4sent, um unsere Dienstleistungen bekannt zu machen. Ein Beispiel daf\u00fcr ist der \u201eBarcelona International Community Day\u201c, der am <strong>25. Oktober im Schifffahrtsmuseum von Barcelona <\/strong>stattfindet.<\/p>\n<p><!--more--><\/p>\n<p>Dieser Tag hat zum Ziel, eine Gemeinschaft zu schaffen und Verbindungen zwischen internationalen B\u00fcrgern herzustellen, indem ihnen interessante Dienstleistungen und Aktivit\u00e4ten angeboten werden. Wir von ASSSA nehmen daran teil, um unser Angebot an Krankenversicherungen bekannt zu machen und mit allen Interessierten in Kontakt zu treten.<\/p>\n<p>Durch die Teilnahme an diesen Veranstaltungen st\u00e4rken wir unser Markenimage und erh\u00f6hen unsere Pr\u00e4senz in Bereichen, die f\u00fcr die Gesundheitsversorgung von Interesse sind.<\/p>\n","protected":false},"featured_media":22642,"template":"","class_list":["post-22641","noticia","type-noticia","status-publish","has-post-thumbnail","hentry"],"acf":[],"yoast_head":"<!-- This site is optimized with the Yoast SEO plugin v27.5 - https:\/\/yoast.com\/product\/yoast-seo-wordpress\/ -->\n<title>Wir nehmen Internationalen Tag der Gemeinschaft in Barcelona teil - ASSSA Deutsch<\/title>\n<meta name=\"description\" content=\"Bei ASSSA sind wir bei wichtigen Veranstaltungen pr\u00e4sent, um unsere Dienstleistungen bekannt zu machen.\" \/>\n<meta name=\"robots\" content=\"index, follow, max-snippet:-1, max-image-preview:large, max-video-preview:-1\" \/>\n<link rel=\"canonical\" href=\"https:\/\/www.asssa.es\/de\/nachricht\/wir-nehmen-internationalen-tag-der-gemeinschaft-in-barcelona-teil\/\" \/>\n<meta property=\"og:locale\" content=\"de_DE\" \/>\n<meta property=\"og:type\" content=\"article\" \/>\n<meta property=\"og:title\" content=\"Wir nehmen Internationalen Tag der Gemeinschaft in Barcelona teil - ASSSA Deutsch\" \/>\n<meta property=\"og:description\" content=\"Bei ASSSA sind wir bei wichtigen Veranstaltungen pr\u00e4sent, um unsere Dienstleistungen bekannt zu machen.\" \/>\n<meta property=\"og:url\" content=\"https:\/\/www.asssa.es\/de\/nachricht\/wir-nehmen-internationalen-tag-der-gemeinschaft-in-barcelona-teil\/\" \/>\n<meta property=\"og:site_name\" content=\"ASSSA Deutsch\" \/>\n<meta property=\"og:image\" content=\"https:\/\/www.asssa.es\/wp-content\/uploads\/2025\/10\/Imagen-Noticia-Evento-Barcelona-2.png\" \/>\n\t<meta property=\"og:image:width\" content=\"533\" \/>\n\t<meta property=\"og:image:height\" content=\"300\" \/>\n\t<meta property=\"og:image:type\" content=\"image\/png\" \/>\n<meta name=\"twitter:card\" content=\"summary_large_image\" \/>\n<meta name=\"twitter:label1\" content=\"Gesch\u00e4tzte Lesezeit\" \/>\n\t<meta name=\"twitter:data1\" content=\"1\u00a0Minute\" \/>\n<script type=\"application\/ld+json\" class=\"yoast-schema-graph\">{\"@context\":\"https:\\\/\\\/schema.org\",\"@graph\":[{\"@type\":\"WebPage\",\"@id\":\"https:\\\/\\\/www.asssa.es\\\/de\\\/nachricht\\\/wir-nehmen-internationalen-tag-der-gemeinschaft-in-barcelona-teil\\\/\",\"url\":\"https:\\\/\\\/www.asssa.es\\\/de\\\/nachricht\\\/wir-nehmen-internationalen-tag-der-gemeinschaft-in-barcelona-teil\\\/\",\"name\":\"Wir nehmen Internationalen Tag der Gemeinschaft in Barcelona teil - ASSSA Deutsch\",\"isPartOf\":{\"@id\":\"https:\\\/\\\/www.asssa.es\\\/de\\\/#website\"},\"primaryImageOfPage\":{\"@id\":\"https:\\\/\\\/www.asssa.es\\\/de\\\/nachricht\\\/wir-nehmen-internationalen-tag-der-gemeinschaft-in-barcelona-teil\\\/#primaryimage\"},\"image\":{\"@id\":\"https:\\\/\\\/www.asssa.es\\\/de\\\/nachricht\\\/wir-nehmen-internationalen-tag-der-gemeinschaft-in-barcelona-teil\\\/#primaryimage\"},\"thumbnailUrl\":\"https:\\\/\\\/www.asssa.es\\\/wp-content\\\/uploads\\\/2025\\\/10\\\/Imagen-Noticia-Evento-Barcelona-2.png\",\"datePublished\":\"2025-10-23T06:24:02+00:00\",\"description\":\"Bei ASSSA sind wir bei wichtigen Veranstaltungen pr\u00e4sent, um unsere Dienstleistungen bekannt zu machen.\",\"breadcrumb\":{\"@id\":\"https:\\\/\\\/www.asssa.es\\\/de\\\/nachricht\\\/wir-nehmen-internationalen-tag-der-gemeinschaft-in-barcelona-teil\\\/#breadcrumb\"},\"inLanguage\":\"de\",\"potentialAction\":[{\"@type\":\"ReadAction\",\"target\":[\"https:\\\/\\\/www.asssa.es\\\/de\\\/nachricht\\\/wir-nehmen-internationalen-tag-der-gemeinschaft-in-barcelona-teil\\\/\"]}]},{\"@type\":\"ImageObject\",\"inLanguage\":\"de\",\"@id\":\"https:\\\/\\\/www.asssa.es\\\/de\\\/nachricht\\\/wir-nehmen-internationalen-tag-der-gemeinschaft-in-barcelona-teil\\\/#primaryimage\",\"url\":\"https:\\\/\\\/www.asssa.es\\\/wp-content\\\/uploads\\\/2025\\\/10\\\/Imagen-Noticia-Evento-Barcelona-2.png\",\"contentUrl\":\"https:\\\/\\\/www.asssa.es\\\/wp-content\\\/uploads\\\/2025\\\/10\\\/Imagen-Noticia-Evento-Barcelona-2.png\",\"width\":533,\"height\":300},{\"@type\":\"BreadcrumbList\",\"@id\":\"https:\\\/\\\/www.asssa.es\\\/de\\\/nachricht\\\/wir-nehmen-internationalen-tag-der-gemeinschaft-in-barcelona-teil\\\/#breadcrumb\",\"itemListElement\":[{\"@type\":\"ListItem\",\"position\":1,\"name\":\"Portada\",\"item\":\"https:\\\/\\\/www.asssa.es\\\/de\\\/\"},{\"@type\":\"ListItem\",\"position\":2,\"name\":\"Wir nehmen Internationalen Tag der Gemeinschaft in Barcelona teil\"}]},{\"@type\":\"WebSite\",\"@id\":\"https:\\\/\\\/www.asssa.es\\\/de\\\/#website\",\"url\":\"https:\\\/\\\/www.asssa.es\\\/de\\\/\",\"name\":\"ASSSA Deutsch\",\"description\":\"\",\"potentialAction\":[{\"@type\":\"SearchAction\",\"target\":{\"@type\":\"EntryPoint\",\"urlTemplate\":\"https:\\\/\\\/www.asssa.es\\\/de\\\/?s={search_term_string}\"},\"query-input\":{\"@type\":\"PropertyValueSpecification\",\"valueRequired\":true,\"valueName\":\"search_term_string\"}}],\"inLanguage\":\"de\"}]}<\/script>\n<!-- \/ Yoast SEO plugin. -->","yoast_head_json":{"title":"Wir nehmen Internationalen Tag der Gemeinschaft in Barcelona teil - ASSSA Deutsch","description":"Bei ASSSA sind wir bei wichtigen Veranstaltungen pr\u00e4sent, um unsere Dienstleistungen bekannt zu machen.","robots":{"index":"index","follow":"follow","max-snippet":"max-snippet:-1","max-image-preview":"max-image-preview:large","max-video-preview":"max-video-preview:-1"},"canonical":"https:\/\/www.asssa.es\/de\/nachricht\/wir-nehmen-internationalen-tag-der-gemeinschaft-in-barcelona-teil\/","og_locale":"de_DE","og_type":"article","og_title":"Wir nehmen Internationalen Tag der Gemeinschaft in Barcelona teil - ASSSA Deutsch","og_description":"Bei ASSSA sind wir bei wichtigen Veranstaltungen pr\u00e4sent, um unsere Dienstleistungen bekannt zu machen.","og_url":"https:\/\/www.asssa.es\/de\/nachricht\/wir-nehmen-internationalen-tag-der-gemeinschaft-in-barcelona-teil\/","og_site_name":"ASSSA Deutsch","og_image":[{"width":533,"height":300,"url":"https:\/\/www.asssa.es\/wp-content\/uploads\/2025\/10\/Imagen-Noticia-Evento-Barcelona-2.png","type":"image\/png"}],"twitter_card":"summary_large_image","twitter_misc":{"Gesch\u00e4tzte Lesezeit":"1\u00a0Minute"},"schema":{"@context":"https:\/\/schema.org","@graph":[{"@type":"WebPage","@id":"https:\/\/www.asssa.es\/de\/nachricht\/wir-nehmen-internationalen-tag-der-gemeinschaft-in-barcelona-teil\/","url":"https:\/\/www.asssa.es\/de\/nachricht\/wir-nehmen-internationalen-tag-der-gemeinschaft-in-barcelona-teil\/","name":"Wir nehmen Internationalen Tag der Gemeinschaft in Barcelona teil - ASSSA Deutsch","isPartOf":{"@id":"https:\/\/www.asssa.es\/de\/#website"},"primaryImageOfPage":{"@id":"https:\/\/www.asssa.es\/de\/nachricht\/wir-nehmen-internationalen-tag-der-gemeinschaft-in-barcelona-teil\/#primaryimage"},"image":{"@id":"https:\/\/www.asssa.es\/de\/nachricht\/wir-nehmen-internationalen-tag-der-gemeinschaft-in-barcelona-teil\/#primaryimage"},"thumbnailUrl":"https:\/\/www.asssa.es\/wp-content\/uploads\/2025\/10\/Imagen-Noticia-Evento-Barcelona-2.png","datePublished":"2025-10-23T06:24:02+00:00","description":"Bei ASSSA sind wir bei wichtigen Veranstaltungen pr\u00e4sent, um unsere Dienstleistungen bekannt zu machen.","breadcrumb":{"@id":"https:\/\/www.asssa.es\/de\/nachricht\/wir-nehmen-internationalen-tag-der-gemeinschaft-in-barcelona-teil\/#breadcrumb"},"inLanguage":"de","potentialAction":[{"@type":"ReadAction","target":["https:\/\/www.asssa.es\/de\/nachricht\/wir-nehmen-internationalen-tag-der-gemeinschaft-in-barcelona-teil\/"]}]},{"@type":"ImageObject","inLanguage":"de","@id":"https:\/\/www.asssa.es\/de\/nachricht\/wir-nehmen-internationalen-tag-der-gemeinschaft-in-barcelona-teil\/#primaryimage","url":"https:\/\/www.asssa.es\/wp-content\/uploads\/2025\/10\/Imagen-Noticia-Evento-Barcelona-2.png","contentUrl":"https:\/\/www.asssa.es\/wp-content\/uploads\/2025\/10\/Imagen-Noticia-Evento-Barcelona-2.png","width":533,"height":300},{"@type":"BreadcrumbList","@id":"https:\/\/www.asssa.es\/de\/nachricht\/wir-nehmen-internationalen-tag-der-gemeinschaft-in-barcelona-teil\/#breadcrumb","itemListElement":[{"@type":"ListItem","position":1,"name":"Portada","item":"https:\/\/www.asssa.es\/de\/"},{"@type":"ListItem","position":2,"name":"Wir nehmen Internationalen Tag der Gemeinschaft in Barcelona teil"}]},{"@type":"WebSite","@id":"https:\/\/www.asssa.es\/de\/#website","url":"https:\/\/www.asssa.es\/de\/","name":"ASSSA Deutsch","description":"","potentialAction":[{"@type":"SearchAction","target":{"@type":"EntryPoint","urlTemplate":"https:\/\/www.asssa.es\/de\/?s={search_term_string}"},"query-input":{"@type":"PropertyValueSpecification","valueRequired":true,"valueName":"search_term_string"}}],"inLanguage":"de"}]}},"_links":{"self":[{"href":"https:\/\/www.asssa.es\/de\/wp-json\/wp\/v2\/noticia\/22641","targetHints":{"allow":["GET"]}}],"collection":[{"href":"https:\/\/www.asssa.es\/de\/wp-json\/wp\/v2\/noticia"}],"about":[{"href":"https:\/\/www.asssa.es\/de\/wp-json\/wp\/v2\/types\/noticia"}],"wp:featuredmedia":[{"embeddable":true,"href":"https:\/\/www.asssa.es\/de\/wp-json\/wp\/v2\/media\/22642"}],"wp:attachment":[{"href":"https:\/\/www.asssa.es\/de\/wp-json\/wp\/v2\/media?parent=22641"}],"curies":[{"name":"wp","href":"https:\/\/api.w.org\/{rel}","templated":true}]}}