{"id":23109,"date":"2025-11-14T08:33:39","date_gmt":"2025-11-14T07:33:39","guid":{"rendered":"https:\/\/www.asssa.es\/de\/?post_type=noticia&#038;p=23109"},"modified":"2025-11-14T08:33:39","modified_gmt":"2025-11-14T07:33:39","slug":"asssa-am-weltdiabetestag","status":"publish","type":"noticia","link":"https:\/\/www.asssa.es\/de\/nachricht\/asssa-am-weltdiabetestag\/","title":{"rendered":"ASSSA am Weltdiabetestag"},"content":{"rendered":"<p>Bei ASSSA begehen wir den Weltdiabetestag am 14. November, ein von der WHO ausgerufener Tag, der die Bev\u00f6lkerung f\u00fcr diese Krankheit sensibilisieren und die Bedeutung der Fr\u00fcherkennung f\u00fcr eine bessere Lebensqualit\u00e4t sch\u00e4rfen soll.<\/p>\n<p><!--more--><\/p>\n<p>Es handelt sich um eine chronische Erkrankung, die dadurch entsteht, dass der K\u00f6rper, genauer gesagt die Bauchspeicheldr\u00fcse, den Glukosespiegel (Zucker) im Blut aufgrund eines Mangels oder einer Resistenz gegen\u00fcber dem Hormon Insulin nicht richtig reguliert. In Spanien sind mehr als 5 Millionen Erwachsene davon betroffen, etwa 14 % der Bev\u00f6lkerung.<\/p>\n<p>Es gibt verschiedene Arten dieser Krankheit. Die h\u00e4ufigste Form, die in 90 % der F\u00e4lle auftritt und verhindert werden kann, ist Typ-2-Diabetes. Daher ist es wichtig, sich gesund zu ern\u00e4hren, ein gesundes Gewicht zu halten und sich regelm\u00e4\u00dfig k\u00f6rperlich zu bet\u00e4tigen. Kurz gesagt: Setzen Sie auf eine gesunde Lebensweise, um Ihre Gesundheit zu sch\u00fctzen.<\/p>\n<p>Praktische Empfehlungen zum Thema Diabetes finden Sie in unserem <strong><u><a href=\"https:\/\/www.asssa.es\/en\/practical-tips-for-diabetics\/\">Blog-Artikel<\/a><\/u><\/strong>.<\/p>\n","protected":false},"featured_media":23110,"template":"","class_list":["post-23109","noticia","type-noticia","status-publish","has-post-thumbnail","hentry"],"acf":[],"yoast_head":"<!-- This site is optimized with the Yoast SEO plugin v27.5 - https:\/\/yoast.com\/product\/yoast-seo-wordpress\/ -->\n<title>ASSSA am Weltdiabetestag - ASSSA Deutsch<\/title>\n<meta name=\"description\" content=\"Bei ASSSA begehen wir den Weltdiabetestag am 14. November, ein von der WHO ausgerufener Tag, der die Bev\u00f6lkerung f\u00fcr diese Krankheit sensibilisieren.\" \/>\n<meta name=\"robots\" content=\"index, follow, max-snippet:-1, max-image-preview:large, max-video-preview:-1\" \/>\n<link rel=\"canonical\" href=\"https:\/\/www.asssa.es\/de\/nachricht\/asssa-am-weltdiabetestag\/\" \/>\n<meta property=\"og:locale\" content=\"de_DE\" \/>\n<meta property=\"og:type\" content=\"article\" \/>\n<meta property=\"og:title\" content=\"ASSSA am Weltdiabetestag - ASSSA Deutsch\" \/>\n<meta property=\"og:description\" content=\"Bei ASSSA begehen wir den Weltdiabetestag am 14. November, ein von der WHO ausgerufener Tag, der die Bev\u00f6lkerung f\u00fcr diese Krankheit sensibilisieren.\" \/>\n<meta property=\"og:url\" content=\"https:\/\/www.asssa.es\/de\/nachricht\/asssa-am-weltdiabetestag\/\" \/>\n<meta property=\"og:site_name\" content=\"ASSSA Deutsch\" \/>\n<meta property=\"og:image\" content=\"https:\/\/www.asssa.es\/wp-content\/uploads\/2025\/11\/Imagen-Noticia-Dia-Mundial-de-la-Diabetes-2.png\" \/>\n\t<meta property=\"og:image:width\" content=\"533\" \/>\n\t<meta property=\"og:image:height\" content=\"300\" \/>\n\t<meta property=\"og:image:type\" content=\"image\/png\" \/>\n<meta name=\"twitter:card\" content=\"summary_large_image\" \/>\n<meta name=\"twitter:label1\" content=\"Gesch\u00e4tzte Lesezeit\" \/>\n\t<meta name=\"twitter:data1\" content=\"2\u00a0Minuten\" \/>\n<script type=\"application\/ld+json\" class=\"yoast-schema-graph\">{\"@context\":\"https:\\\/\\\/schema.org\",\"@graph\":[{\"@type\":\"WebPage\",\"@id\":\"https:\\\/\\\/www.asssa.es\\\/de\\\/nachricht\\\/asssa-am-weltdiabetestag\\\/\",\"url\":\"https:\\\/\\\/www.asssa.es\\\/de\\\/nachricht\\\/asssa-am-weltdiabetestag\\\/\",\"name\":\"ASSSA am Weltdiabetestag - ASSSA Deutsch\",\"isPartOf\":{\"@id\":\"https:\\\/\\\/www.asssa.es\\\/de\\\/#website\"},\"primaryImageOfPage\":{\"@id\":\"https:\\\/\\\/www.asssa.es\\\/de\\\/nachricht\\\/asssa-am-weltdiabetestag\\\/#primaryimage\"},\"image\":{\"@id\":\"https:\\\/\\\/www.asssa.es\\\/de\\\/nachricht\\\/asssa-am-weltdiabetestag\\\/#primaryimage\"},\"thumbnailUrl\":\"https:\\\/\\\/www.asssa.es\\\/wp-content\\\/uploads\\\/2025\\\/11\\\/Imagen-Noticia-Dia-Mundial-de-la-Diabetes-2.png\",\"datePublished\":\"2025-11-14T07:33:39+00:00\",\"description\":\"Bei ASSSA begehen wir den Weltdiabetestag am 14. November, ein von der WHO ausgerufener Tag, der die Bev\u00f6lkerung f\u00fcr diese Krankheit sensibilisieren.\",\"breadcrumb\":{\"@id\":\"https:\\\/\\\/www.asssa.es\\\/de\\\/nachricht\\\/asssa-am-weltdiabetestag\\\/#breadcrumb\"},\"inLanguage\":\"de\",\"potentialAction\":[{\"@type\":\"ReadAction\",\"target\":[\"https:\\\/\\\/www.asssa.es\\\/de\\\/nachricht\\\/asssa-am-weltdiabetestag\\\/\"]}]},{\"@type\":\"ImageObject\",\"inLanguage\":\"de\",\"@id\":\"https:\\\/\\\/www.asssa.es\\\/de\\\/nachricht\\\/asssa-am-weltdiabetestag\\\/#primaryimage\",\"url\":\"https:\\\/\\\/www.asssa.es\\\/wp-content\\\/uploads\\\/2025\\\/11\\\/Imagen-Noticia-Dia-Mundial-de-la-Diabetes-2.png\",\"contentUrl\":\"https:\\\/\\\/www.asssa.es\\\/wp-content\\\/uploads\\\/2025\\\/11\\\/Imagen-Noticia-Dia-Mundial-de-la-Diabetes-2.png\",\"width\":533,\"height\":300},{\"@type\":\"BreadcrumbList\",\"@id\":\"https:\\\/\\\/www.asssa.es\\\/de\\\/nachricht\\\/asssa-am-weltdiabetestag\\\/#breadcrumb\",\"itemListElement\":[{\"@type\":\"ListItem\",\"position\":1,\"name\":\"Portada\",\"item\":\"https:\\\/\\\/www.asssa.es\\\/de\\\/\"},{\"@type\":\"ListItem\",\"position\":2,\"name\":\"ASSSA am Weltdiabetestag\"}]},{\"@type\":\"WebSite\",\"@id\":\"https:\\\/\\\/www.asssa.es\\\/de\\\/#website\",\"url\":\"https:\\\/\\\/www.asssa.es\\\/de\\\/\",\"name\":\"ASSSA Deutsch\",\"description\":\"\",\"potentialAction\":[{\"@type\":\"SearchAction\",\"target\":{\"@type\":\"EntryPoint\",\"urlTemplate\":\"https:\\\/\\\/www.asssa.es\\\/de\\\/?s={search_term_string}\"},\"query-input\":{\"@type\":\"PropertyValueSpecification\",\"valueRequired\":true,\"valueName\":\"search_term_string\"}}],\"inLanguage\":\"de\"}]}<\/script>\n<!-- \/ Yoast SEO plugin. -->","yoast_head_json":{"title":"ASSSA am Weltdiabetestag - ASSSA Deutsch","description":"Bei ASSSA begehen wir den Weltdiabetestag am 14. November, ein von der WHO ausgerufener Tag, der die Bev\u00f6lkerung f\u00fcr diese Krankheit sensibilisieren.","robots":{"index":"index","follow":"follow","max-snippet":"max-snippet:-1","max-image-preview":"max-image-preview:large","max-video-preview":"max-video-preview:-1"},"canonical":"https:\/\/www.asssa.es\/de\/nachricht\/asssa-am-weltdiabetestag\/","og_locale":"de_DE","og_type":"article","og_title":"ASSSA am Weltdiabetestag - ASSSA Deutsch","og_description":"Bei ASSSA begehen wir den Weltdiabetestag am 14. November, ein von der WHO ausgerufener Tag, der die Bev\u00f6lkerung f\u00fcr diese Krankheit sensibilisieren.","og_url":"https:\/\/www.asssa.es\/de\/nachricht\/asssa-am-weltdiabetestag\/","og_site_name":"ASSSA Deutsch","og_image":[{"width":533,"height":300,"url":"https:\/\/www.asssa.es\/wp-content\/uploads\/2025\/11\/Imagen-Noticia-Dia-Mundial-de-la-Diabetes-2.png","type":"image\/png"}],"twitter_card":"summary_large_image","twitter_misc":{"Gesch\u00e4tzte Lesezeit":"2\u00a0Minuten"},"schema":{"@context":"https:\/\/schema.org","@graph":[{"@type":"WebPage","@id":"https:\/\/www.asssa.es\/de\/nachricht\/asssa-am-weltdiabetestag\/","url":"https:\/\/www.asssa.es\/de\/nachricht\/asssa-am-weltdiabetestag\/","name":"ASSSA am Weltdiabetestag - ASSSA Deutsch","isPartOf":{"@id":"https:\/\/www.asssa.es\/de\/#website"},"primaryImageOfPage":{"@id":"https:\/\/www.asssa.es\/de\/nachricht\/asssa-am-weltdiabetestag\/#primaryimage"},"image":{"@id":"https:\/\/www.asssa.es\/de\/nachricht\/asssa-am-weltdiabetestag\/#primaryimage"},"thumbnailUrl":"https:\/\/www.asssa.es\/wp-content\/uploads\/2025\/11\/Imagen-Noticia-Dia-Mundial-de-la-Diabetes-2.png","datePublished":"2025-11-14T07:33:39+00:00","description":"Bei ASSSA begehen wir den Weltdiabetestag am 14. November, ein von der WHO ausgerufener Tag, der die Bev\u00f6lkerung f\u00fcr diese Krankheit sensibilisieren.","breadcrumb":{"@id":"https:\/\/www.asssa.es\/de\/nachricht\/asssa-am-weltdiabetestag\/#breadcrumb"},"inLanguage":"de","potentialAction":[{"@type":"ReadAction","target":["https:\/\/www.asssa.es\/de\/nachricht\/asssa-am-weltdiabetestag\/"]}]},{"@type":"ImageObject","inLanguage":"de","@id":"https:\/\/www.asssa.es\/de\/nachricht\/asssa-am-weltdiabetestag\/#primaryimage","url":"https:\/\/www.asssa.es\/wp-content\/uploads\/2025\/11\/Imagen-Noticia-Dia-Mundial-de-la-Diabetes-2.png","contentUrl":"https:\/\/www.asssa.es\/wp-content\/uploads\/2025\/11\/Imagen-Noticia-Dia-Mundial-de-la-Diabetes-2.png","width":533,"height":300},{"@type":"BreadcrumbList","@id":"https:\/\/www.asssa.es\/de\/nachricht\/asssa-am-weltdiabetestag\/#breadcrumb","itemListElement":[{"@type":"ListItem","position":1,"name":"Portada","item":"https:\/\/www.asssa.es\/de\/"},{"@type":"ListItem","position":2,"name":"ASSSA am Weltdiabetestag"}]},{"@type":"WebSite","@id":"https:\/\/www.asssa.es\/de\/#website","url":"https:\/\/www.asssa.es\/de\/","name":"ASSSA Deutsch","description":"","potentialAction":[{"@type":"SearchAction","target":{"@type":"EntryPoint","urlTemplate":"https:\/\/www.asssa.es\/de\/?s={search_term_string}"},"query-input":{"@type":"PropertyValueSpecification","valueRequired":true,"valueName":"search_term_string"}}],"inLanguage":"de"}]}},"_links":{"self":[{"href":"https:\/\/www.asssa.es\/de\/wp-json\/wp\/v2\/noticia\/23109","targetHints":{"allow":["GET"]}}],"collection":[{"href":"https:\/\/www.asssa.es\/de\/wp-json\/wp\/v2\/noticia"}],"about":[{"href":"https:\/\/www.asssa.es\/de\/wp-json\/wp\/v2\/types\/noticia"}],"wp:featuredmedia":[{"embeddable":true,"href":"https:\/\/www.asssa.es\/de\/wp-json\/wp\/v2\/media\/23110"}],"wp:attachment":[{"href":"https:\/\/www.asssa.es\/de\/wp-json\/wp\/v2\/media?parent=23109"}],"curies":[{"name":"wp","href":"https:\/\/api.w.org\/{rel}","templated":true}]}}