{"id":23186,"date":"2025-11-27T09:06:34","date_gmt":"2025-11-27T08:06:34","guid":{"rendered":"https:\/\/www.asssa.es\/de\/?post_type=noticia&#038;p=23186"},"modified":"2025-11-27T09:06:34","modified_gmt":"2025-11-27T08:06:34","slug":"aufnahme-von-ht-medica-san-rafael-madrid","status":"publish","type":"noticia","link":"https:\/\/www.asssa.es\/de\/nachricht\/aufnahme-von-ht-medica-san-rafael-madrid\/","title":{"rendered":"Aufnahme von HT M\u00e9dica San Rafael (Madrid)"},"content":{"rendered":"<p>Bei ASSSA arbeiten wir daran, eine umfassende und hochwertige Gesundheitsversorgung anzubieten. Aus diesem Grund nehmen wir in unserem \u00c4rzteverzeichnis diesmal das Zentrum HT M\u00e9dica San Rafael (Madrid) auf, eine Klinik f\u00fcr Bilddiagnostik, die \u00fcber <strong>die fortschrittlichsten Techniken in den Bereichen Radiologie und digitale Pathologie <\/strong>verf\u00fcgt.<\/p>\n<p><!--more--><\/p>\n<p>Das Zentrum geh\u00f6rt zur HT M\u00e9dica-Gruppe, die \u00fcber mehr als 45 Jahre Erfahrung verf\u00fcgt und aufgrund ihrer Spitzentechnologie auf nationaler Ebene als Referenz gilt. Das multidisziplin\u00e4re und patientenorientierte Team konzentriert sich darauf, die beste medizinische Versorgung anzubieten, um eine hochwertige Diagnose und Dienstleistung zu gew\u00e4hrleisten.<\/p>\n<p>Mit dieser Aufnahme erweitern wir weiterhin unser \u00c4rzteverzeichnis, um die Gesundheit unserer Versicherten zu gew\u00e4hrleisten.<\/p>\n<p><a href=\"https:\/\/www.asssa.es\/de\/aerzteverzeichnis\/\"><strong><u>\u00c4rzteverzeichnis konsultieren<\/u><\/strong><\/a><\/p>\n","protected":false},"featured_media":23187,"template":"","class_list":["post-23186","noticia","type-noticia","status-publish","has-post-thumbnail","hentry"],"acf":[],"yoast_head":"<!-- This site is optimized with the Yoast SEO plugin v27.5 - https:\/\/yoast.com\/product\/yoast-seo-wordpress\/ -->\n<title>Aufnahme von HT M\u00e9dica San Rafael (Madrid) - ASSSA Deutsch<\/title>\n<meta name=\"description\" content=\"Aus diesem Grund nehmen wir in unserem \u00c4rzteverzeichnis diesmal das Zentrum HT M\u00e9dica San Rafael (Madrid) auf.\" \/>\n<meta name=\"robots\" content=\"index, follow, max-snippet:-1, max-image-preview:large, max-video-preview:-1\" \/>\n<link rel=\"canonical\" href=\"https:\/\/www.asssa.es\/de\/nachricht\/aufnahme-von-ht-medica-san-rafael-madrid\/\" \/>\n<meta property=\"og:locale\" content=\"de_DE\" \/>\n<meta property=\"og:type\" content=\"article\" \/>\n<meta property=\"og:title\" content=\"Aufnahme von HT M\u00e9dica San Rafael (Madrid) - ASSSA Deutsch\" \/>\n<meta property=\"og:description\" content=\"Aus diesem Grund nehmen wir in unserem \u00c4rzteverzeichnis diesmal das Zentrum HT M\u00e9dica San Rafael (Madrid) auf.\" \/>\n<meta property=\"og:url\" content=\"https:\/\/www.asssa.es\/de\/nachricht\/aufnahme-von-ht-medica-san-rafael-madrid\/\" \/>\n<meta property=\"og:site_name\" content=\"ASSSA Deutsch\" \/>\n<meta property=\"og:image\" content=\"https:\/\/www.asssa.es\/wp-content\/uploads\/2025\/11\/HT-INCLUSION-DE.jpg\" \/>\n\t<meta property=\"og:image:width\" content=\"533\" \/>\n\t<meta property=\"og:image:height\" content=\"300\" \/>\n\t<meta property=\"og:image:type\" content=\"image\/jpeg\" \/>\n<meta name=\"twitter:card\" content=\"summary_large_image\" \/>\n<meta name=\"twitter:label1\" content=\"Gesch\u00e4tzte Lesezeit\" \/>\n\t<meta name=\"twitter:data1\" content=\"1\u00a0Minute\" \/>\n<script type=\"application\/ld+json\" class=\"yoast-schema-graph\">{\"@context\":\"https:\\\/\\\/schema.org\",\"@graph\":[{\"@type\":\"WebPage\",\"@id\":\"https:\\\/\\\/www.asssa.es\\\/de\\\/nachricht\\\/aufnahme-von-ht-medica-san-rafael-madrid\\\/\",\"url\":\"https:\\\/\\\/www.asssa.es\\\/de\\\/nachricht\\\/aufnahme-von-ht-medica-san-rafael-madrid\\\/\",\"name\":\"Aufnahme von HT M\u00e9dica San Rafael (Madrid) - ASSSA Deutsch\",\"isPartOf\":{\"@id\":\"https:\\\/\\\/www.asssa.es\\\/de\\\/#website\"},\"primaryImageOfPage\":{\"@id\":\"https:\\\/\\\/www.asssa.es\\\/de\\\/nachricht\\\/aufnahme-von-ht-medica-san-rafael-madrid\\\/#primaryimage\"},\"image\":{\"@id\":\"https:\\\/\\\/www.asssa.es\\\/de\\\/nachricht\\\/aufnahme-von-ht-medica-san-rafael-madrid\\\/#primaryimage\"},\"thumbnailUrl\":\"https:\\\/\\\/www.asssa.es\\\/wp-content\\\/uploads\\\/2025\\\/11\\\/HT-INCLUSION-DE.jpg\",\"datePublished\":\"2025-11-27T08:06:34+00:00\",\"description\":\"Aus diesem Grund nehmen wir in unserem \u00c4rzteverzeichnis diesmal das Zentrum HT M\u00e9dica San Rafael (Madrid) auf.\",\"breadcrumb\":{\"@id\":\"https:\\\/\\\/www.asssa.es\\\/de\\\/nachricht\\\/aufnahme-von-ht-medica-san-rafael-madrid\\\/#breadcrumb\"},\"inLanguage\":\"de\",\"potentialAction\":[{\"@type\":\"ReadAction\",\"target\":[\"https:\\\/\\\/www.asssa.es\\\/de\\\/nachricht\\\/aufnahme-von-ht-medica-san-rafael-madrid\\\/\"]}]},{\"@type\":\"ImageObject\",\"inLanguage\":\"de\",\"@id\":\"https:\\\/\\\/www.asssa.es\\\/de\\\/nachricht\\\/aufnahme-von-ht-medica-san-rafael-madrid\\\/#primaryimage\",\"url\":\"https:\\\/\\\/www.asssa.es\\\/wp-content\\\/uploads\\\/2025\\\/11\\\/HT-INCLUSION-DE.jpg\",\"contentUrl\":\"https:\\\/\\\/www.asssa.es\\\/wp-content\\\/uploads\\\/2025\\\/11\\\/HT-INCLUSION-DE.jpg\",\"width\":533,\"height\":300},{\"@type\":\"BreadcrumbList\",\"@id\":\"https:\\\/\\\/www.asssa.es\\\/de\\\/nachricht\\\/aufnahme-von-ht-medica-san-rafael-madrid\\\/#breadcrumb\",\"itemListElement\":[{\"@type\":\"ListItem\",\"position\":1,\"name\":\"Portada\",\"item\":\"https:\\\/\\\/www.asssa.es\\\/de\\\/\"},{\"@type\":\"ListItem\",\"position\":2,\"name\":\"Aufnahme von HT M\u00e9dica San Rafael (Madrid)\"}]},{\"@type\":\"WebSite\",\"@id\":\"https:\\\/\\\/www.asssa.es\\\/de\\\/#website\",\"url\":\"https:\\\/\\\/www.asssa.es\\\/de\\\/\",\"name\":\"ASSSA Deutsch\",\"description\":\"\",\"potentialAction\":[{\"@type\":\"SearchAction\",\"target\":{\"@type\":\"EntryPoint\",\"urlTemplate\":\"https:\\\/\\\/www.asssa.es\\\/de\\\/?s={search_term_string}\"},\"query-input\":{\"@type\":\"PropertyValueSpecification\",\"valueRequired\":true,\"valueName\":\"search_term_string\"}}],\"inLanguage\":\"de\"}]}<\/script>\n<!-- \/ Yoast SEO plugin. -->","yoast_head_json":{"title":"Aufnahme von HT M\u00e9dica San Rafael (Madrid) - ASSSA Deutsch","description":"Aus diesem Grund nehmen wir in unserem \u00c4rzteverzeichnis diesmal das Zentrum HT M\u00e9dica San Rafael (Madrid) auf.","robots":{"index":"index","follow":"follow","max-snippet":"max-snippet:-1","max-image-preview":"max-image-preview:large","max-video-preview":"max-video-preview:-1"},"canonical":"https:\/\/www.asssa.es\/de\/nachricht\/aufnahme-von-ht-medica-san-rafael-madrid\/","og_locale":"de_DE","og_type":"article","og_title":"Aufnahme von HT M\u00e9dica San Rafael (Madrid) - ASSSA Deutsch","og_description":"Aus diesem Grund nehmen wir in unserem \u00c4rzteverzeichnis diesmal das Zentrum HT M\u00e9dica San Rafael (Madrid) auf.","og_url":"https:\/\/www.asssa.es\/de\/nachricht\/aufnahme-von-ht-medica-san-rafael-madrid\/","og_site_name":"ASSSA Deutsch","og_image":[{"width":533,"height":300,"url":"https:\/\/www.asssa.es\/wp-content\/uploads\/2025\/11\/HT-INCLUSION-DE.jpg","type":"image\/jpeg"}],"twitter_card":"summary_large_image","twitter_misc":{"Gesch\u00e4tzte Lesezeit":"1\u00a0Minute"},"schema":{"@context":"https:\/\/schema.org","@graph":[{"@type":"WebPage","@id":"https:\/\/www.asssa.es\/de\/nachricht\/aufnahme-von-ht-medica-san-rafael-madrid\/","url":"https:\/\/www.asssa.es\/de\/nachricht\/aufnahme-von-ht-medica-san-rafael-madrid\/","name":"Aufnahme von HT M\u00e9dica San Rafael (Madrid) - ASSSA Deutsch","isPartOf":{"@id":"https:\/\/www.asssa.es\/de\/#website"},"primaryImageOfPage":{"@id":"https:\/\/www.asssa.es\/de\/nachricht\/aufnahme-von-ht-medica-san-rafael-madrid\/#primaryimage"},"image":{"@id":"https:\/\/www.asssa.es\/de\/nachricht\/aufnahme-von-ht-medica-san-rafael-madrid\/#primaryimage"},"thumbnailUrl":"https:\/\/www.asssa.es\/wp-content\/uploads\/2025\/11\/HT-INCLUSION-DE.jpg","datePublished":"2025-11-27T08:06:34+00:00","description":"Aus diesem Grund nehmen wir in unserem \u00c4rzteverzeichnis diesmal das Zentrum HT M\u00e9dica San Rafael (Madrid) auf.","breadcrumb":{"@id":"https:\/\/www.asssa.es\/de\/nachricht\/aufnahme-von-ht-medica-san-rafael-madrid\/#breadcrumb"},"inLanguage":"de","potentialAction":[{"@type":"ReadAction","target":["https:\/\/www.asssa.es\/de\/nachricht\/aufnahme-von-ht-medica-san-rafael-madrid\/"]}]},{"@type":"ImageObject","inLanguage":"de","@id":"https:\/\/www.asssa.es\/de\/nachricht\/aufnahme-von-ht-medica-san-rafael-madrid\/#primaryimage","url":"https:\/\/www.asssa.es\/wp-content\/uploads\/2025\/11\/HT-INCLUSION-DE.jpg","contentUrl":"https:\/\/www.asssa.es\/wp-content\/uploads\/2025\/11\/HT-INCLUSION-DE.jpg","width":533,"height":300},{"@type":"BreadcrumbList","@id":"https:\/\/www.asssa.es\/de\/nachricht\/aufnahme-von-ht-medica-san-rafael-madrid\/#breadcrumb","itemListElement":[{"@type":"ListItem","position":1,"name":"Portada","item":"https:\/\/www.asssa.es\/de\/"},{"@type":"ListItem","position":2,"name":"Aufnahme von HT M\u00e9dica San Rafael (Madrid)"}]},{"@type":"WebSite","@id":"https:\/\/www.asssa.es\/de\/#website","url":"https:\/\/www.asssa.es\/de\/","name":"ASSSA Deutsch","description":"","potentialAction":[{"@type":"SearchAction","target":{"@type":"EntryPoint","urlTemplate":"https:\/\/www.asssa.es\/de\/?s={search_term_string}"},"query-input":{"@type":"PropertyValueSpecification","valueRequired":true,"valueName":"search_term_string"}}],"inLanguage":"de"}]}},"_links":{"self":[{"href":"https:\/\/www.asssa.es\/de\/wp-json\/wp\/v2\/noticia\/23186","targetHints":{"allow":["GET"]}}],"collection":[{"href":"https:\/\/www.asssa.es\/de\/wp-json\/wp\/v2\/noticia"}],"about":[{"href":"https:\/\/www.asssa.es\/de\/wp-json\/wp\/v2\/types\/noticia"}],"wp:featuredmedia":[{"embeddable":true,"href":"https:\/\/www.asssa.es\/de\/wp-json\/wp\/v2\/media\/23187"}],"wp:attachment":[{"href":"https:\/\/www.asssa.es\/de\/wp-json\/wp\/v2\/media?parent=23186"}],"curies":[{"name":"wp","href":"https:\/\/api.w.org\/{rel}","templated":true}]}}