{"id":23244,"date":"2025-12-03T09:48:35","date_gmt":"2025-12-03T08:48:35","guid":{"rendered":"https:\/\/www.asssa.es\/de\/?post_type=noticia&#038;p=23244"},"modified":"2025-12-03T09:48:35","modified_gmt":"2025-12-03T08:48:35","slug":"asssa-am-internationalen-tag-des-arztes-2","status":"publish","type":"noticia","link":"https:\/\/www.asssa.es\/de\/nachricht\/asssa-am-internationalen-tag-des-arztes-2\/","title":{"rendered":"ASSSA am Internationalen Tag des Arztes"},"content":{"rendered":"<p>Medizinische Fachkr\u00e4fte sind f\u00fcr unser Unternehmen von grundlegender Bedeutung. Bei ASSSA erkennen wir ihre Arbeit und ihre Bedeutung an und feiern daher am 3. Dezember den Internationalen Tag des Arztes, ein Tag, an dem ihr Wert gew\u00fcrdigt wird.<\/p>\n<p><!--more--><\/p>\n<p>Ihre Rolle geht \u00fcber die Diagnose und Behandlung von Krankheiten hinaus: sie verbessern das Leben der Menschen und kl\u00e4ren \u00fcber die Bedeutung der Pr\u00e4vention auf. Sie k\u00fcmmern sich um die Gesundheit unserer Versicherten und arbeiten Tag f\u00fcr Tag daran, ihr Wohlbefinden zu gew\u00e4hrleisten.<\/p>\n<p>Bei ASSSA verf\u00fcgen wir \u00fcber ein umfangreiches \u00c4rzteverzeichnis mit qualifizierten \u00c4rzten, mit denen wir in direktem Kontakt stehen, um unser Hauptziel zu erreichen: uns um diejenigen zu k\u00fcmmern, die uns ihr Vertrauen schenken.<\/p>\n<p><a href=\"https:\/\/www.asssa.es\/de\/aerzteverzeichnis\/\"><strong><u>\u00c4rzteverzeichnis konsultieren<\/u><\/strong><\/a><\/p>\n","protected":false},"featured_media":23245,"template":"","class_list":["post-23244","noticia","type-noticia","status-publish","has-post-thumbnail","hentry"],"acf":[],"yoast_head":"<!-- This site is optimized with the Yoast SEO plugin v27.5 - https:\/\/yoast.com\/product\/yoast-seo-wordpress\/ -->\n<title>ASSSA am Internationalen Tag des Arztes - ASSSA Deutsch<\/title>\n<meta name=\"description\" content=\"Ihre Bedeutung an und feiern daher am 3. Dezember den Internationalen Tag des Arztes, ein Tag, an dem ihr Wert gew\u00fcrdigt wird.\" \/>\n<meta name=\"robots\" content=\"index, follow, max-snippet:-1, max-image-preview:large, max-video-preview:-1\" \/>\n<link rel=\"canonical\" href=\"https:\/\/www.asssa.es\/de\/nachricht\/asssa-am-internationalen-tag-des-arztes-2\/\" \/>\n<meta property=\"og:locale\" content=\"de_DE\" \/>\n<meta property=\"og:type\" content=\"article\" \/>\n<meta property=\"og:title\" content=\"ASSSA am Internationalen Tag des Arztes - ASSSA Deutsch\" \/>\n<meta property=\"og:description\" content=\"Ihre Bedeutung an und feiern daher am 3. Dezember den Internationalen Tag des Arztes, ein Tag, an dem ihr Wert gew\u00fcrdigt wird.\" \/>\n<meta property=\"og:url\" content=\"https:\/\/www.asssa.es\/de\/nachricht\/asssa-am-internationalen-tag-des-arztes-2\/\" \/>\n<meta property=\"og:site_name\" content=\"ASSSA Deutsch\" \/>\n<meta property=\"og:image\" content=\"https:\/\/www.asssa.es\/wp-content\/uploads\/2025\/12\/Imagen-Noticia-Dia-Mundial-Medico-2.png\" \/>\n\t<meta property=\"og:image:width\" content=\"533\" \/>\n\t<meta property=\"og:image:height\" content=\"300\" \/>\n\t<meta property=\"og:image:type\" content=\"image\/png\" \/>\n<meta name=\"twitter:card\" content=\"summary_large_image\" \/>\n<meta name=\"twitter:label1\" content=\"Gesch\u00e4tzte Lesezeit\" \/>\n\t<meta name=\"twitter:data1\" content=\"1\u00a0Minute\" \/>\n<script type=\"application\/ld+json\" class=\"yoast-schema-graph\">{\"@context\":\"https:\\\/\\\/schema.org\",\"@graph\":[{\"@type\":\"WebPage\",\"@id\":\"https:\\\/\\\/www.asssa.es\\\/de\\\/nachricht\\\/asssa-am-internationalen-tag-des-arztes-2\\\/\",\"url\":\"https:\\\/\\\/www.asssa.es\\\/de\\\/nachricht\\\/asssa-am-internationalen-tag-des-arztes-2\\\/\",\"name\":\"ASSSA am Internationalen Tag des Arztes - ASSSA Deutsch\",\"isPartOf\":{\"@id\":\"https:\\\/\\\/www.asssa.es\\\/de\\\/#website\"},\"primaryImageOfPage\":{\"@id\":\"https:\\\/\\\/www.asssa.es\\\/de\\\/nachricht\\\/asssa-am-internationalen-tag-des-arztes-2\\\/#primaryimage\"},\"image\":{\"@id\":\"https:\\\/\\\/www.asssa.es\\\/de\\\/nachricht\\\/asssa-am-internationalen-tag-des-arztes-2\\\/#primaryimage\"},\"thumbnailUrl\":\"https:\\\/\\\/www.asssa.es\\\/wp-content\\\/uploads\\\/2025\\\/12\\\/Imagen-Noticia-Dia-Mundial-Medico-2.png\",\"datePublished\":\"2025-12-03T08:48:35+00:00\",\"description\":\"Ihre Bedeutung an und feiern daher am 3. Dezember den Internationalen Tag des Arztes, ein Tag, an dem ihr Wert gew\u00fcrdigt wird.\",\"breadcrumb\":{\"@id\":\"https:\\\/\\\/www.asssa.es\\\/de\\\/nachricht\\\/asssa-am-internationalen-tag-des-arztes-2\\\/#breadcrumb\"},\"inLanguage\":\"de\",\"potentialAction\":[{\"@type\":\"ReadAction\",\"target\":[\"https:\\\/\\\/www.asssa.es\\\/de\\\/nachricht\\\/asssa-am-internationalen-tag-des-arztes-2\\\/\"]}]},{\"@type\":\"ImageObject\",\"inLanguage\":\"de\",\"@id\":\"https:\\\/\\\/www.asssa.es\\\/de\\\/nachricht\\\/asssa-am-internationalen-tag-des-arztes-2\\\/#primaryimage\",\"url\":\"https:\\\/\\\/www.asssa.es\\\/wp-content\\\/uploads\\\/2025\\\/12\\\/Imagen-Noticia-Dia-Mundial-Medico-2.png\",\"contentUrl\":\"https:\\\/\\\/www.asssa.es\\\/wp-content\\\/uploads\\\/2025\\\/12\\\/Imagen-Noticia-Dia-Mundial-Medico-2.png\",\"width\":533,\"height\":300},{\"@type\":\"BreadcrumbList\",\"@id\":\"https:\\\/\\\/www.asssa.es\\\/de\\\/nachricht\\\/asssa-am-internationalen-tag-des-arztes-2\\\/#breadcrumb\",\"itemListElement\":[{\"@type\":\"ListItem\",\"position\":1,\"name\":\"Portada\",\"item\":\"https:\\\/\\\/www.asssa.es\\\/de\\\/\"},{\"@type\":\"ListItem\",\"position\":2,\"name\":\"ASSSA am Internationalen Tag des Arztes\"}]},{\"@type\":\"WebSite\",\"@id\":\"https:\\\/\\\/www.asssa.es\\\/de\\\/#website\",\"url\":\"https:\\\/\\\/www.asssa.es\\\/de\\\/\",\"name\":\"ASSSA Deutsch\",\"description\":\"\",\"potentialAction\":[{\"@type\":\"SearchAction\",\"target\":{\"@type\":\"EntryPoint\",\"urlTemplate\":\"https:\\\/\\\/www.asssa.es\\\/de\\\/?s={search_term_string}\"},\"query-input\":{\"@type\":\"PropertyValueSpecification\",\"valueRequired\":true,\"valueName\":\"search_term_string\"}}],\"inLanguage\":\"de\"}]}<\/script>\n<!-- \/ Yoast SEO plugin. -->","yoast_head_json":{"title":"ASSSA am Internationalen Tag des Arztes - ASSSA Deutsch","description":"Ihre Bedeutung an und feiern daher am 3. Dezember den Internationalen Tag des Arztes, ein Tag, an dem ihr Wert gew\u00fcrdigt wird.","robots":{"index":"index","follow":"follow","max-snippet":"max-snippet:-1","max-image-preview":"max-image-preview:large","max-video-preview":"max-video-preview:-1"},"canonical":"https:\/\/www.asssa.es\/de\/nachricht\/asssa-am-internationalen-tag-des-arztes-2\/","og_locale":"de_DE","og_type":"article","og_title":"ASSSA am Internationalen Tag des Arztes - ASSSA Deutsch","og_description":"Ihre Bedeutung an und feiern daher am 3. Dezember den Internationalen Tag des Arztes, ein Tag, an dem ihr Wert gew\u00fcrdigt wird.","og_url":"https:\/\/www.asssa.es\/de\/nachricht\/asssa-am-internationalen-tag-des-arztes-2\/","og_site_name":"ASSSA Deutsch","og_image":[{"width":533,"height":300,"url":"https:\/\/www.asssa.es\/wp-content\/uploads\/2025\/12\/Imagen-Noticia-Dia-Mundial-Medico-2.png","type":"image\/png"}],"twitter_card":"summary_large_image","twitter_misc":{"Gesch\u00e4tzte Lesezeit":"1\u00a0Minute"},"schema":{"@context":"https:\/\/schema.org","@graph":[{"@type":"WebPage","@id":"https:\/\/www.asssa.es\/de\/nachricht\/asssa-am-internationalen-tag-des-arztes-2\/","url":"https:\/\/www.asssa.es\/de\/nachricht\/asssa-am-internationalen-tag-des-arztes-2\/","name":"ASSSA am Internationalen Tag des Arztes - ASSSA Deutsch","isPartOf":{"@id":"https:\/\/www.asssa.es\/de\/#website"},"primaryImageOfPage":{"@id":"https:\/\/www.asssa.es\/de\/nachricht\/asssa-am-internationalen-tag-des-arztes-2\/#primaryimage"},"image":{"@id":"https:\/\/www.asssa.es\/de\/nachricht\/asssa-am-internationalen-tag-des-arztes-2\/#primaryimage"},"thumbnailUrl":"https:\/\/www.asssa.es\/wp-content\/uploads\/2025\/12\/Imagen-Noticia-Dia-Mundial-Medico-2.png","datePublished":"2025-12-03T08:48:35+00:00","description":"Ihre Bedeutung an und feiern daher am 3. Dezember den Internationalen Tag des Arztes, ein Tag, an dem ihr Wert gew\u00fcrdigt wird.","breadcrumb":{"@id":"https:\/\/www.asssa.es\/de\/nachricht\/asssa-am-internationalen-tag-des-arztes-2\/#breadcrumb"},"inLanguage":"de","potentialAction":[{"@type":"ReadAction","target":["https:\/\/www.asssa.es\/de\/nachricht\/asssa-am-internationalen-tag-des-arztes-2\/"]}]},{"@type":"ImageObject","inLanguage":"de","@id":"https:\/\/www.asssa.es\/de\/nachricht\/asssa-am-internationalen-tag-des-arztes-2\/#primaryimage","url":"https:\/\/www.asssa.es\/wp-content\/uploads\/2025\/12\/Imagen-Noticia-Dia-Mundial-Medico-2.png","contentUrl":"https:\/\/www.asssa.es\/wp-content\/uploads\/2025\/12\/Imagen-Noticia-Dia-Mundial-Medico-2.png","width":533,"height":300},{"@type":"BreadcrumbList","@id":"https:\/\/www.asssa.es\/de\/nachricht\/asssa-am-internationalen-tag-des-arztes-2\/#breadcrumb","itemListElement":[{"@type":"ListItem","position":1,"name":"Portada","item":"https:\/\/www.asssa.es\/de\/"},{"@type":"ListItem","position":2,"name":"ASSSA am Internationalen Tag des Arztes"}]},{"@type":"WebSite","@id":"https:\/\/www.asssa.es\/de\/#website","url":"https:\/\/www.asssa.es\/de\/","name":"ASSSA Deutsch","description":"","potentialAction":[{"@type":"SearchAction","target":{"@type":"EntryPoint","urlTemplate":"https:\/\/www.asssa.es\/de\/?s={search_term_string}"},"query-input":{"@type":"PropertyValueSpecification","valueRequired":true,"valueName":"search_term_string"}}],"inLanguage":"de"}]}},"_links":{"self":[{"href":"https:\/\/www.asssa.es\/de\/wp-json\/wp\/v2\/noticia\/23244","targetHints":{"allow":["GET"]}}],"collection":[{"href":"https:\/\/www.asssa.es\/de\/wp-json\/wp\/v2\/noticia"}],"about":[{"href":"https:\/\/www.asssa.es\/de\/wp-json\/wp\/v2\/types\/noticia"}],"wp:featuredmedia":[{"embeddable":true,"href":"https:\/\/www.asssa.es\/de\/wp-json\/wp\/v2\/media\/23245"}],"wp:attachment":[{"href":"https:\/\/www.asssa.es\/de\/wp-json\/wp\/v2\/media?parent=23244"}],"curies":[{"name":"wp","href":"https:\/\/api.w.org\/{rel}","templated":true}]}}