{"id":23724,"date":"2026-02-04T08:52:19","date_gmt":"2026-02-04T07:52:19","guid":{"rendered":"https:\/\/www.asssa.es\/de\/?post_type=noticia&#038;p=23724"},"modified":"2026-02-04T08:55:38","modified_gmt":"2026-02-04T07:55:38","slug":"bewusstseinsbildung-am-weltkrebstag","status":"publish","type":"noticia","link":"https:\/\/www.asssa.es\/de\/nachricht\/bewusstseinsbildung-am-weltkrebstag\/","title":{"rendered":"Bewusstseinsbildung am Weltkrebstag"},"content":{"rendered":"<p>Am 4. Februar schlie\u00dfen wir uns dem Weltkrebstag an, um an die Bedeutung der Pr\u00e4vention dieser Krankheit zu erinnern, die damit verbundene Stigmatisierung zu verringern und die Betroffenen zu unterst\u00fctzen.<\/p>\n<p><!--more--><\/p>\n<p>Laut der Spanischen Gesellschaft f\u00fcr Medizinische Onkologie (SEOM) lassen sich etwa 40 % der F\u00e4lle durch eine gesunde Lebensweise vermeiden, z. B. durch regelm\u00e4\u00dfige Bewegung, eine reichhaltige und abwechslungsreiche Ern\u00e4hrung, die Verwendung von Sonnenschutzmitteln und den Verzicht auf Alkohol und Tabak.<\/p>\n<p>Wir bei ASSSA schlie\u00dfen uns dieser Sensibilisierungskampagne an und ver\u00f6ffentlichen in unserem Blog verschiedene wichtige Ma\u00dfnahmen zur Vorbeugung dieser Krankheit.<\/p>\n<p><a href=\"https:\/\/www.asssa.es\/de\/blog-eintrag\/fuenf-effektive-massnahmen-zur-krebsvorbeugung\/\"><strong><u>Artikel lesen<\/u><\/strong><\/a><\/p>\n","protected":false},"featured_media":23725,"template":"","class_list":["post-23724","noticia","type-noticia","status-publish","has-post-thumbnail","hentry"],"acf":[],"yoast_head":"<!-- This site is optimized with the Yoast SEO plugin v27.5 - https:\/\/yoast.com\/product\/yoast-seo-wordpress\/ -->\n<title>Bewusstseinsbildung am Weltkrebstag - ASSSA Deutsch<\/title>\n<meta name=\"description\" content=\"Am 4. Februar schlie\u00dfen wir uns dem Weltkrebstag an, um an die Bedeutung der Pr\u00e4vention dieser Krankheit zu erinnern.\" \/>\n<meta name=\"robots\" content=\"index, follow, max-snippet:-1, max-image-preview:large, max-video-preview:-1\" \/>\n<link rel=\"canonical\" href=\"https:\/\/www.asssa.es\/de\/nachricht\/bewusstseinsbildung-am-weltkrebstag\/\" \/>\n<meta property=\"og:locale\" content=\"de_DE\" \/>\n<meta property=\"og:type\" content=\"article\" \/>\n<meta property=\"og:title\" content=\"Bewusstseinsbildung am Weltkrebstag - ASSSA Deutsch\" \/>\n<meta property=\"og:description\" content=\"Am 4. Februar schlie\u00dfen wir uns dem Weltkrebstag an, um an die Bedeutung der Pr\u00e4vention dieser Krankheit zu erinnern.\" \/>\n<meta property=\"og:url\" content=\"https:\/\/www.asssa.es\/de\/nachricht\/bewusstseinsbildung-am-weltkrebstag\/\" \/>\n<meta property=\"og:site_name\" content=\"ASSSA Deutsch\" \/>\n<meta property=\"article:modified_time\" content=\"2026-02-04T07:55:38+00:00\" \/>\n<meta property=\"og:image\" content=\"https:\/\/www.asssa.es\/wp-content\/uploads\/2026\/02\/Imagen-Noticia-Dia-Mundial-Cancer-1.png\" \/>\n\t<meta property=\"og:image:width\" content=\"533\" \/>\n\t<meta property=\"og:image:height\" content=\"300\" \/>\n\t<meta property=\"og:image:type\" content=\"image\/png\" \/>\n<meta name=\"twitter:card\" content=\"summary_large_image\" \/>\n<meta name=\"twitter:label1\" content=\"Gesch\u00e4tzte Lesezeit\" \/>\n\t<meta name=\"twitter:data1\" content=\"1\u00a0Minute\" \/>\n<script type=\"application\/ld+json\" class=\"yoast-schema-graph\">{\"@context\":\"https:\\\/\\\/schema.org\",\"@graph\":[{\"@type\":\"WebPage\",\"@id\":\"https:\\\/\\\/www.asssa.es\\\/de\\\/nachricht\\\/bewusstseinsbildung-am-weltkrebstag\\\/\",\"url\":\"https:\\\/\\\/www.asssa.es\\\/de\\\/nachricht\\\/bewusstseinsbildung-am-weltkrebstag\\\/\",\"name\":\"Bewusstseinsbildung am Weltkrebstag - ASSSA Deutsch\",\"isPartOf\":{\"@id\":\"https:\\\/\\\/www.asssa.es\\\/de\\\/#website\"},\"primaryImageOfPage\":{\"@id\":\"https:\\\/\\\/www.asssa.es\\\/de\\\/nachricht\\\/bewusstseinsbildung-am-weltkrebstag\\\/#primaryimage\"},\"image\":{\"@id\":\"https:\\\/\\\/www.asssa.es\\\/de\\\/nachricht\\\/bewusstseinsbildung-am-weltkrebstag\\\/#primaryimage\"},\"thumbnailUrl\":\"https:\\\/\\\/www.asssa.es\\\/wp-content\\\/uploads\\\/2026\\\/02\\\/Imagen-Noticia-Dia-Mundial-Cancer-1.png\",\"datePublished\":\"2026-02-04T07:52:19+00:00\",\"dateModified\":\"2026-02-04T07:55:38+00:00\",\"description\":\"Am 4. Februar schlie\u00dfen wir uns dem Weltkrebstag an, um an die Bedeutung der Pr\u00e4vention dieser Krankheit zu erinnern.\",\"breadcrumb\":{\"@id\":\"https:\\\/\\\/www.asssa.es\\\/de\\\/nachricht\\\/bewusstseinsbildung-am-weltkrebstag\\\/#breadcrumb\"},\"inLanguage\":\"de\",\"potentialAction\":[{\"@type\":\"ReadAction\",\"target\":[\"https:\\\/\\\/www.asssa.es\\\/de\\\/nachricht\\\/bewusstseinsbildung-am-weltkrebstag\\\/\"]}]},{\"@type\":\"ImageObject\",\"inLanguage\":\"de\",\"@id\":\"https:\\\/\\\/www.asssa.es\\\/de\\\/nachricht\\\/bewusstseinsbildung-am-weltkrebstag\\\/#primaryimage\",\"url\":\"https:\\\/\\\/www.asssa.es\\\/wp-content\\\/uploads\\\/2026\\\/02\\\/Imagen-Noticia-Dia-Mundial-Cancer-1.png\",\"contentUrl\":\"https:\\\/\\\/www.asssa.es\\\/wp-content\\\/uploads\\\/2026\\\/02\\\/Imagen-Noticia-Dia-Mundial-Cancer-1.png\",\"width\":533,\"height\":300},{\"@type\":\"BreadcrumbList\",\"@id\":\"https:\\\/\\\/www.asssa.es\\\/de\\\/nachricht\\\/bewusstseinsbildung-am-weltkrebstag\\\/#breadcrumb\",\"itemListElement\":[{\"@type\":\"ListItem\",\"position\":1,\"name\":\"Portada\",\"item\":\"https:\\\/\\\/www.asssa.es\\\/de\\\/\"},{\"@type\":\"ListItem\",\"position\":2,\"name\":\"Bewusstseinsbildung am Weltkrebstag\"}]},{\"@type\":\"WebSite\",\"@id\":\"https:\\\/\\\/www.asssa.es\\\/de\\\/#website\",\"url\":\"https:\\\/\\\/www.asssa.es\\\/de\\\/\",\"name\":\"ASSSA Deutsch\",\"description\":\"\",\"potentialAction\":[{\"@type\":\"SearchAction\",\"target\":{\"@type\":\"EntryPoint\",\"urlTemplate\":\"https:\\\/\\\/www.asssa.es\\\/de\\\/?s={search_term_string}\"},\"query-input\":{\"@type\":\"PropertyValueSpecification\",\"valueRequired\":true,\"valueName\":\"search_term_string\"}}],\"inLanguage\":\"de\"}]}<\/script>\n<!-- \/ Yoast SEO plugin. -->","yoast_head_json":{"title":"Bewusstseinsbildung am Weltkrebstag - ASSSA Deutsch","description":"Am 4. Februar schlie\u00dfen wir uns dem Weltkrebstag an, um an die Bedeutung der Pr\u00e4vention dieser Krankheit zu erinnern.","robots":{"index":"index","follow":"follow","max-snippet":"max-snippet:-1","max-image-preview":"max-image-preview:large","max-video-preview":"max-video-preview:-1"},"canonical":"https:\/\/www.asssa.es\/de\/nachricht\/bewusstseinsbildung-am-weltkrebstag\/","og_locale":"de_DE","og_type":"article","og_title":"Bewusstseinsbildung am Weltkrebstag - ASSSA Deutsch","og_description":"Am 4. Februar schlie\u00dfen wir uns dem Weltkrebstag an, um an die Bedeutung der Pr\u00e4vention dieser Krankheit zu erinnern.","og_url":"https:\/\/www.asssa.es\/de\/nachricht\/bewusstseinsbildung-am-weltkrebstag\/","og_site_name":"ASSSA Deutsch","article_modified_time":"2026-02-04T07:55:38+00:00","og_image":[{"width":533,"height":300,"url":"https:\/\/www.asssa.es\/wp-content\/uploads\/2026\/02\/Imagen-Noticia-Dia-Mundial-Cancer-1.png","type":"image\/png"}],"twitter_card":"summary_large_image","twitter_misc":{"Gesch\u00e4tzte Lesezeit":"1\u00a0Minute"},"schema":{"@context":"https:\/\/schema.org","@graph":[{"@type":"WebPage","@id":"https:\/\/www.asssa.es\/de\/nachricht\/bewusstseinsbildung-am-weltkrebstag\/","url":"https:\/\/www.asssa.es\/de\/nachricht\/bewusstseinsbildung-am-weltkrebstag\/","name":"Bewusstseinsbildung am Weltkrebstag - ASSSA Deutsch","isPartOf":{"@id":"https:\/\/www.asssa.es\/de\/#website"},"primaryImageOfPage":{"@id":"https:\/\/www.asssa.es\/de\/nachricht\/bewusstseinsbildung-am-weltkrebstag\/#primaryimage"},"image":{"@id":"https:\/\/www.asssa.es\/de\/nachricht\/bewusstseinsbildung-am-weltkrebstag\/#primaryimage"},"thumbnailUrl":"https:\/\/www.asssa.es\/wp-content\/uploads\/2026\/02\/Imagen-Noticia-Dia-Mundial-Cancer-1.png","datePublished":"2026-02-04T07:52:19+00:00","dateModified":"2026-02-04T07:55:38+00:00","description":"Am 4. Februar schlie\u00dfen wir uns dem Weltkrebstag an, um an die Bedeutung der Pr\u00e4vention dieser Krankheit zu erinnern.","breadcrumb":{"@id":"https:\/\/www.asssa.es\/de\/nachricht\/bewusstseinsbildung-am-weltkrebstag\/#breadcrumb"},"inLanguage":"de","potentialAction":[{"@type":"ReadAction","target":["https:\/\/www.asssa.es\/de\/nachricht\/bewusstseinsbildung-am-weltkrebstag\/"]}]},{"@type":"ImageObject","inLanguage":"de","@id":"https:\/\/www.asssa.es\/de\/nachricht\/bewusstseinsbildung-am-weltkrebstag\/#primaryimage","url":"https:\/\/www.asssa.es\/wp-content\/uploads\/2026\/02\/Imagen-Noticia-Dia-Mundial-Cancer-1.png","contentUrl":"https:\/\/www.asssa.es\/wp-content\/uploads\/2026\/02\/Imagen-Noticia-Dia-Mundial-Cancer-1.png","width":533,"height":300},{"@type":"BreadcrumbList","@id":"https:\/\/www.asssa.es\/de\/nachricht\/bewusstseinsbildung-am-weltkrebstag\/#breadcrumb","itemListElement":[{"@type":"ListItem","position":1,"name":"Portada","item":"https:\/\/www.asssa.es\/de\/"},{"@type":"ListItem","position":2,"name":"Bewusstseinsbildung am Weltkrebstag"}]},{"@type":"WebSite","@id":"https:\/\/www.asssa.es\/de\/#website","url":"https:\/\/www.asssa.es\/de\/","name":"ASSSA Deutsch","description":"","potentialAction":[{"@type":"SearchAction","target":{"@type":"EntryPoint","urlTemplate":"https:\/\/www.asssa.es\/de\/?s={search_term_string}"},"query-input":{"@type":"PropertyValueSpecification","valueRequired":true,"valueName":"search_term_string"}}],"inLanguage":"de"}]}},"_links":{"self":[{"href":"https:\/\/www.asssa.es\/de\/wp-json\/wp\/v2\/noticia\/23724","targetHints":{"allow":["GET"]}}],"collection":[{"href":"https:\/\/www.asssa.es\/de\/wp-json\/wp\/v2\/noticia"}],"about":[{"href":"https:\/\/www.asssa.es\/de\/wp-json\/wp\/v2\/types\/noticia"}],"wp:featuredmedia":[{"embeddable":true,"href":"https:\/\/www.asssa.es\/de\/wp-json\/wp\/v2\/media\/23725"}],"wp:attachment":[{"href":"https:\/\/www.asssa.es\/de\/wp-json\/wp\/v2\/media?parent=23724"}],"curies":[{"name":"wp","href":"https:\/\/api.w.org\/{rel}","templated":true}]}}