{"id":24045,"date":"2026-04-07T09:00:54","date_gmt":"2026-04-07T07:00:54","guid":{"rendered":"https:\/\/www.asssa.es\/de\/?post_type=noticia&#038;p=24045"},"modified":"2026-04-01T14:16:07","modified_gmt":"2026-04-01T12:16:07","slug":"wir-beteiligen-uns-am-weltgesundheitstag","status":"publish","type":"noticia","link":"https:\/\/www.asssa.es\/de\/nachricht\/wir-beteiligen-uns-am-weltgesundheitstag\/","title":{"rendered":"Wir beteiligen uns am Weltgesundheitstag"},"content":{"rendered":"<p>Auch in diesem Jahr beteiligen wir uns am Weltgesundheitstag, der am 7. April begangen wird, mit dem Ziel, weiterhin dar\u00fcber bewusst zu machen wie bedeutend die Pr\u00e4vention f\u00fcr eine bessere Lebensqualit\u00e4t ist.<\/p>\n<p><!--more--><\/p>\n<p>Im Jahr 2026 liegt der Schwerpunkt auf der Bedeutung wissenschaftlicher Fortschritte unter dem Motto \u201eGemeinsam f\u00fcr die Gesundheit. Wir unterst\u00fctzen die Wissenschaft\u201c. Bei ASSSA verf\u00fcgen wir in unserem <strong><u><a href=\"https:\/\/www.asssa.es\/de\/aerzteverzeichnis\/\">\u00c4rzteverzeichnis<\/a><\/u> <\/strong>\u00fcber eine Vielzahl von Kliniken und Krankenh\u00e4usern mit modernster Technologie, um eine erstklassige Gesundheitsversorgung anzubieten. Dar\u00fcber hinaus verbreiten wir in unserem <strong><u><a href=\"https:\/\/www.asssa.es\/de\/blog\/\">Blog<\/a><\/u><\/strong>, im <strong><u><a href=\"https:\/\/www.asssa.es\/de\/asssa-magazine\/\">ASSSA Magazine<\/a><\/u><\/strong> und in unseren sozialen Netzwerken wie <strong><u><a href=\"https:\/\/www.instagram.com\/asssaseguros\/\">Instagram<\/a><\/u><\/strong> verschiedene Gesundheitstipps, um die Pr\u00e4vention zu f\u00f6rdern.<\/p>\n<p>Wir m\u00f6chten diese Gelegenheit nutzen, um allen unseren Versicherten f\u00fcr das Vertrauen zu danken, das sie uns jeden Tag in Bezug auf etwas so Kostbares wie ihre Gesundheit entgegenbringen.<\/p>\n","protected":false},"featured_media":24046,"template":"","class_list":["post-24045","noticia","type-noticia","status-publish","has-post-thumbnail","hentry"],"acf":[],"yoast_head":"<!-- This site is optimized with the Yoast SEO plugin v27.5 - https:\/\/yoast.com\/product\/yoast-seo-wordpress\/ -->\n<title>Wir beteiligen uns am Weltgesundheitstag - ASSSA Deutsch<\/title>\n<meta name=\"description\" content=\"Auch in diesem Jahr beteiligen wir uns am Weltgesundheitstag, der am 7. April begangen wird, mit dem Ziel.\" \/>\n<meta name=\"robots\" content=\"index, follow, max-snippet:-1, max-image-preview:large, max-video-preview:-1\" \/>\n<link rel=\"canonical\" href=\"https:\/\/www.asssa.es\/de\/nachricht\/wir-beteiligen-uns-am-weltgesundheitstag\/\" \/>\n<meta property=\"og:locale\" content=\"de_DE\" \/>\n<meta property=\"og:type\" content=\"article\" \/>\n<meta property=\"og:title\" content=\"Wir beteiligen uns am Weltgesundheitstag - ASSSA Deutsch\" \/>\n<meta property=\"og:description\" content=\"Auch in diesem Jahr beteiligen wir uns am Weltgesundheitstag, der am 7. April begangen wird, mit dem Ziel.\" \/>\n<meta property=\"og:url\" content=\"https:\/\/www.asssa.es\/de\/nachricht\/wir-beteiligen-uns-am-weltgesundheitstag\/\" \/>\n<meta property=\"og:site_name\" content=\"ASSSA Deutsch\" \/>\n<meta property=\"og:image\" content=\"https:\/\/www.asssa.es\/wp-content\/uploads\/2026\/04\/Imagen-Noticia-Dia-Mundial-Salud-2.png\" \/>\n\t<meta property=\"og:image:width\" content=\"533\" \/>\n\t<meta property=\"og:image:height\" content=\"300\" \/>\n\t<meta property=\"og:image:type\" content=\"image\/png\" \/>\n<meta name=\"twitter:card\" content=\"summary_large_image\" \/>\n<meta name=\"twitter:label1\" content=\"Gesch\u00e4tzte Lesezeit\" \/>\n\t<meta name=\"twitter:data1\" content=\"1\u00a0Minute\" \/>\n<script type=\"application\/ld+json\" class=\"yoast-schema-graph\">{\"@context\":\"https:\\\/\\\/schema.org\",\"@graph\":[{\"@type\":\"WebPage\",\"@id\":\"https:\\\/\\\/www.asssa.es\\\/de\\\/nachricht\\\/wir-beteiligen-uns-am-weltgesundheitstag\\\/\",\"url\":\"https:\\\/\\\/www.asssa.es\\\/de\\\/nachricht\\\/wir-beteiligen-uns-am-weltgesundheitstag\\\/\",\"name\":\"Wir beteiligen uns am Weltgesundheitstag - ASSSA Deutsch\",\"isPartOf\":{\"@id\":\"https:\\\/\\\/www.asssa.es\\\/de\\\/#website\"},\"primaryImageOfPage\":{\"@id\":\"https:\\\/\\\/www.asssa.es\\\/de\\\/nachricht\\\/wir-beteiligen-uns-am-weltgesundheitstag\\\/#primaryimage\"},\"image\":{\"@id\":\"https:\\\/\\\/www.asssa.es\\\/de\\\/nachricht\\\/wir-beteiligen-uns-am-weltgesundheitstag\\\/#primaryimage\"},\"thumbnailUrl\":\"https:\\\/\\\/www.asssa.es\\\/wp-content\\\/uploads\\\/2026\\\/04\\\/Imagen-Noticia-Dia-Mundial-Salud-2.png\",\"datePublished\":\"2026-04-07T07:00:54+00:00\",\"description\":\"Auch in diesem Jahr beteiligen wir uns am Weltgesundheitstag, der am 7. April begangen wird, mit dem Ziel.\",\"breadcrumb\":{\"@id\":\"https:\\\/\\\/www.asssa.es\\\/de\\\/nachricht\\\/wir-beteiligen-uns-am-weltgesundheitstag\\\/#breadcrumb\"},\"inLanguage\":\"de\",\"potentialAction\":[{\"@type\":\"ReadAction\",\"target\":[\"https:\\\/\\\/www.asssa.es\\\/de\\\/nachricht\\\/wir-beteiligen-uns-am-weltgesundheitstag\\\/\"]}]},{\"@type\":\"ImageObject\",\"inLanguage\":\"de\",\"@id\":\"https:\\\/\\\/www.asssa.es\\\/de\\\/nachricht\\\/wir-beteiligen-uns-am-weltgesundheitstag\\\/#primaryimage\",\"url\":\"https:\\\/\\\/www.asssa.es\\\/wp-content\\\/uploads\\\/2026\\\/04\\\/Imagen-Noticia-Dia-Mundial-Salud-2.png\",\"contentUrl\":\"https:\\\/\\\/www.asssa.es\\\/wp-content\\\/uploads\\\/2026\\\/04\\\/Imagen-Noticia-Dia-Mundial-Salud-2.png\",\"width\":533,\"height\":300},{\"@type\":\"BreadcrumbList\",\"@id\":\"https:\\\/\\\/www.asssa.es\\\/de\\\/nachricht\\\/wir-beteiligen-uns-am-weltgesundheitstag\\\/#breadcrumb\",\"itemListElement\":[{\"@type\":\"ListItem\",\"position\":1,\"name\":\"Portada\",\"item\":\"https:\\\/\\\/www.asssa.es\\\/de\\\/\"},{\"@type\":\"ListItem\",\"position\":2,\"name\":\"Wir beteiligen uns am Weltgesundheitstag\"}]},{\"@type\":\"WebSite\",\"@id\":\"https:\\\/\\\/www.asssa.es\\\/de\\\/#website\",\"url\":\"https:\\\/\\\/www.asssa.es\\\/de\\\/\",\"name\":\"ASSSA Deutsch\",\"description\":\"\",\"potentialAction\":[{\"@type\":\"SearchAction\",\"target\":{\"@type\":\"EntryPoint\",\"urlTemplate\":\"https:\\\/\\\/www.asssa.es\\\/de\\\/?s={search_term_string}\"},\"query-input\":{\"@type\":\"PropertyValueSpecification\",\"valueRequired\":true,\"valueName\":\"search_term_string\"}}],\"inLanguage\":\"de\"}]}<\/script>\n<!-- \/ Yoast SEO plugin. -->","yoast_head_json":{"title":"Wir beteiligen uns am Weltgesundheitstag - ASSSA Deutsch","description":"Auch in diesem Jahr beteiligen wir uns am Weltgesundheitstag, der am 7. April begangen wird, mit dem Ziel.","robots":{"index":"index","follow":"follow","max-snippet":"max-snippet:-1","max-image-preview":"max-image-preview:large","max-video-preview":"max-video-preview:-1"},"canonical":"https:\/\/www.asssa.es\/de\/nachricht\/wir-beteiligen-uns-am-weltgesundheitstag\/","og_locale":"de_DE","og_type":"article","og_title":"Wir beteiligen uns am Weltgesundheitstag - ASSSA Deutsch","og_description":"Auch in diesem Jahr beteiligen wir uns am Weltgesundheitstag, der am 7. April begangen wird, mit dem Ziel.","og_url":"https:\/\/www.asssa.es\/de\/nachricht\/wir-beteiligen-uns-am-weltgesundheitstag\/","og_site_name":"ASSSA Deutsch","og_image":[{"width":533,"height":300,"url":"https:\/\/www.asssa.es\/wp-content\/uploads\/2026\/04\/Imagen-Noticia-Dia-Mundial-Salud-2.png","type":"image\/png"}],"twitter_card":"summary_large_image","twitter_misc":{"Gesch\u00e4tzte Lesezeit":"1\u00a0Minute"},"schema":{"@context":"https:\/\/schema.org","@graph":[{"@type":"WebPage","@id":"https:\/\/www.asssa.es\/de\/nachricht\/wir-beteiligen-uns-am-weltgesundheitstag\/","url":"https:\/\/www.asssa.es\/de\/nachricht\/wir-beteiligen-uns-am-weltgesundheitstag\/","name":"Wir beteiligen uns am Weltgesundheitstag - ASSSA Deutsch","isPartOf":{"@id":"https:\/\/www.asssa.es\/de\/#website"},"primaryImageOfPage":{"@id":"https:\/\/www.asssa.es\/de\/nachricht\/wir-beteiligen-uns-am-weltgesundheitstag\/#primaryimage"},"image":{"@id":"https:\/\/www.asssa.es\/de\/nachricht\/wir-beteiligen-uns-am-weltgesundheitstag\/#primaryimage"},"thumbnailUrl":"https:\/\/www.asssa.es\/wp-content\/uploads\/2026\/04\/Imagen-Noticia-Dia-Mundial-Salud-2.png","datePublished":"2026-04-07T07:00:54+00:00","description":"Auch in diesem Jahr beteiligen wir uns am Weltgesundheitstag, der am 7. April begangen wird, mit dem Ziel.","breadcrumb":{"@id":"https:\/\/www.asssa.es\/de\/nachricht\/wir-beteiligen-uns-am-weltgesundheitstag\/#breadcrumb"},"inLanguage":"de","potentialAction":[{"@type":"ReadAction","target":["https:\/\/www.asssa.es\/de\/nachricht\/wir-beteiligen-uns-am-weltgesundheitstag\/"]}]},{"@type":"ImageObject","inLanguage":"de","@id":"https:\/\/www.asssa.es\/de\/nachricht\/wir-beteiligen-uns-am-weltgesundheitstag\/#primaryimage","url":"https:\/\/www.asssa.es\/wp-content\/uploads\/2026\/04\/Imagen-Noticia-Dia-Mundial-Salud-2.png","contentUrl":"https:\/\/www.asssa.es\/wp-content\/uploads\/2026\/04\/Imagen-Noticia-Dia-Mundial-Salud-2.png","width":533,"height":300},{"@type":"BreadcrumbList","@id":"https:\/\/www.asssa.es\/de\/nachricht\/wir-beteiligen-uns-am-weltgesundheitstag\/#breadcrumb","itemListElement":[{"@type":"ListItem","position":1,"name":"Portada","item":"https:\/\/www.asssa.es\/de\/"},{"@type":"ListItem","position":2,"name":"Wir beteiligen uns am Weltgesundheitstag"}]},{"@type":"WebSite","@id":"https:\/\/www.asssa.es\/de\/#website","url":"https:\/\/www.asssa.es\/de\/","name":"ASSSA Deutsch","description":"","potentialAction":[{"@type":"SearchAction","target":{"@type":"EntryPoint","urlTemplate":"https:\/\/www.asssa.es\/de\/?s={search_term_string}"},"query-input":{"@type":"PropertyValueSpecification","valueRequired":true,"valueName":"search_term_string"}}],"inLanguage":"de"}]}},"_links":{"self":[{"href":"https:\/\/www.asssa.es\/de\/wp-json\/wp\/v2\/noticia\/24045","targetHints":{"allow":["GET"]}}],"collection":[{"href":"https:\/\/www.asssa.es\/de\/wp-json\/wp\/v2\/noticia"}],"about":[{"href":"https:\/\/www.asssa.es\/de\/wp-json\/wp\/v2\/types\/noticia"}],"wp:featuredmedia":[{"embeddable":true,"href":"https:\/\/www.asssa.es\/de\/wp-json\/wp\/v2\/media\/24046"}],"wp:attachment":[{"href":"https:\/\/www.asssa.es\/de\/wp-json\/wp\/v2\/media?parent=24045"}],"curies":[{"name":"wp","href":"https:\/\/api.w.org\/{rel}","templated":true}]}}