{"id":24268,"date":"2026-04-29T08:58:23","date_gmt":"2026-04-29T06:58:23","guid":{"rendered":"https:\/\/www.asssa.es\/de\/?post_type=noticia&#038;p=24268"},"modified":"2026-04-29T08:58:23","modified_gmt":"2026-04-29T06:58:23","slug":"asssa-zum-internationalen-tag-gegen-laerm","status":"publish","type":"noticia","link":"https:\/\/www.asssa.es\/de\/nachricht\/asssa-zum-internationalen-tag-gegen-laerm\/","title":{"rendered":"ASSSA zum Internationalen Tag gegen L\u00e4rm"},"content":{"rendered":"<p>Wir schlie\u00dfen uns dem Internationalen Tag gegen L\u00e4rm an, einem Aktionstag am 29. April, der darauf abzielt, das Bewusstsein f\u00fcr die Nachteile der L\u00e4rmbelastung zu sch\u00e4rfen und den Schutz der akustischen Umwelt zu f\u00f6rdern.<\/p>\n<p><!--more--><\/p>\n<p>Laut WHO sind 28 % der Bev\u00f6lkerung in Spanien L\u00e4rmpegeln ausgesetzt, die \u00fcber den empfohlenen Grenzwerten liegen. Dies ist besonders in St\u00e4dten der Fall, wo Au\u00dfenger\u00e4usche die festgelegten Grenzwerte \u00fcberschreiten. Dies verhindert eine erholsame Ruhephase, st\u00f6rt den Schlaf und wirkt sich auf die Gesundheit aus.<\/p>\n<p>Wir von ASSSA <strong>ermutigen die Bev\u00f6lkerung, die L\u00e4rmbelastung im Alltag zu reduzieren<\/strong>, und <strong>f\u00f6rdern Sensibilisierungsma\u00dfnahmen in unserem Blog<\/strong> mit Artikeln wie \u201eIst es sch\u00e4dlich, bei L\u00e4rm zu schlafen?\u201c<\/p>\n<p><a href=\"https:\/\/www.asssa.es\/de\/blog-eintrag\/ist-schlafen-bei-laerm-schaedlich-fuer-die-gesundheit\/\"><strong><u>Artikel lesen<\/u><\/strong><\/a><\/p>\n","protected":false},"featured_media":24269,"template":"","class_list":["post-24268","noticia","type-noticia","status-publish","has-post-thumbnail","hentry"],"acf":[],"yoast_head":"<!-- This site is optimized with the Yoast SEO plugin v27.5 - https:\/\/yoast.com\/product\/yoast-seo-wordpress\/ -->\n<title>ASSSA zum Internationalen Tag gegen L\u00e4rm - ASSSA Deutsch<\/title>\n<meta name=\"description\" content=\"Wir schlie\u00dfen uns dem Internationalen Tag gegen L\u00e4rm an, einem Aktionstag am 29. April, der darauf abzielt, das Bewusstsein f\u00fcr die Nachteile der L\u00e4rmbelastung zu sch\u00e4rfen.\" \/>\n<meta name=\"robots\" content=\"index, follow, max-snippet:-1, max-image-preview:large, max-video-preview:-1\" \/>\n<link rel=\"canonical\" href=\"https:\/\/www.asssa.es\/de\/nachricht\/asssa-zum-internationalen-tag-gegen-laerm\/\" \/>\n<meta property=\"og:locale\" content=\"de_DE\" \/>\n<meta property=\"og:type\" content=\"article\" \/>\n<meta property=\"og:title\" content=\"ASSSA zum Internationalen Tag gegen L\u00e4rm - ASSSA Deutsch\" \/>\n<meta property=\"og:description\" content=\"Wir schlie\u00dfen uns dem Internationalen Tag gegen L\u00e4rm an, einem Aktionstag am 29. April, der darauf abzielt, das Bewusstsein f\u00fcr die Nachteile der L\u00e4rmbelastung zu sch\u00e4rfen.\" \/>\n<meta property=\"og:url\" content=\"https:\/\/www.asssa.es\/de\/nachricht\/asssa-zum-internationalen-tag-gegen-laerm\/\" \/>\n<meta property=\"og:site_name\" content=\"ASSSA Deutsch\" \/>\n<meta property=\"og:image\" content=\"https:\/\/www.asssa.es\/wp-content\/uploads\/2026\/04\/Imange-Noticia-Audicion-2.png\" \/>\n\t<meta property=\"og:image:width\" content=\"533\" \/>\n\t<meta property=\"og:image:height\" content=\"300\" \/>\n\t<meta property=\"og:image:type\" content=\"image\/png\" \/>\n<meta name=\"twitter:card\" content=\"summary_large_image\" \/>\n<meta name=\"twitter:label1\" content=\"Gesch\u00e4tzte Lesezeit\" \/>\n\t<meta name=\"twitter:data1\" content=\"1\u00a0Minute\" \/>\n<script type=\"application\/ld+json\" class=\"yoast-schema-graph\">{\"@context\":\"https:\\\/\\\/schema.org\",\"@graph\":[{\"@type\":\"WebPage\",\"@id\":\"https:\\\/\\\/www.asssa.es\\\/de\\\/nachricht\\\/asssa-zum-internationalen-tag-gegen-laerm\\\/\",\"url\":\"https:\\\/\\\/www.asssa.es\\\/de\\\/nachricht\\\/asssa-zum-internationalen-tag-gegen-laerm\\\/\",\"name\":\"ASSSA zum Internationalen Tag gegen L\u00e4rm - ASSSA Deutsch\",\"isPartOf\":{\"@id\":\"https:\\\/\\\/www.asssa.es\\\/de\\\/#website\"},\"primaryImageOfPage\":{\"@id\":\"https:\\\/\\\/www.asssa.es\\\/de\\\/nachricht\\\/asssa-zum-internationalen-tag-gegen-laerm\\\/#primaryimage\"},\"image\":{\"@id\":\"https:\\\/\\\/www.asssa.es\\\/de\\\/nachricht\\\/asssa-zum-internationalen-tag-gegen-laerm\\\/#primaryimage\"},\"thumbnailUrl\":\"https:\\\/\\\/www.asssa.es\\\/wp-content\\\/uploads\\\/2026\\\/04\\\/Imange-Noticia-Audicion-2.png\",\"datePublished\":\"2026-04-29T06:58:23+00:00\",\"description\":\"Wir schlie\u00dfen uns dem Internationalen Tag gegen L\u00e4rm an, einem Aktionstag am 29. April, der darauf abzielt, das Bewusstsein f\u00fcr die Nachteile der L\u00e4rmbelastung zu sch\u00e4rfen.\",\"breadcrumb\":{\"@id\":\"https:\\\/\\\/www.asssa.es\\\/de\\\/nachricht\\\/asssa-zum-internationalen-tag-gegen-laerm\\\/#breadcrumb\"},\"inLanguage\":\"de\",\"potentialAction\":[{\"@type\":\"ReadAction\",\"target\":[\"https:\\\/\\\/www.asssa.es\\\/de\\\/nachricht\\\/asssa-zum-internationalen-tag-gegen-laerm\\\/\"]}]},{\"@type\":\"ImageObject\",\"inLanguage\":\"de\",\"@id\":\"https:\\\/\\\/www.asssa.es\\\/de\\\/nachricht\\\/asssa-zum-internationalen-tag-gegen-laerm\\\/#primaryimage\",\"url\":\"https:\\\/\\\/www.asssa.es\\\/wp-content\\\/uploads\\\/2026\\\/04\\\/Imange-Noticia-Audicion-2.png\",\"contentUrl\":\"https:\\\/\\\/www.asssa.es\\\/wp-content\\\/uploads\\\/2026\\\/04\\\/Imange-Noticia-Audicion-2.png\",\"width\":533,\"height\":300},{\"@type\":\"BreadcrumbList\",\"@id\":\"https:\\\/\\\/www.asssa.es\\\/de\\\/nachricht\\\/asssa-zum-internationalen-tag-gegen-laerm\\\/#breadcrumb\",\"itemListElement\":[{\"@type\":\"ListItem\",\"position\":1,\"name\":\"Portada\",\"item\":\"https:\\\/\\\/www.asssa.es\\\/de\\\/\"},{\"@type\":\"ListItem\",\"position\":2,\"name\":\"ASSSA zum Internationalen Tag gegen L\u00e4rm\"}]},{\"@type\":\"WebSite\",\"@id\":\"https:\\\/\\\/www.asssa.es\\\/de\\\/#website\",\"url\":\"https:\\\/\\\/www.asssa.es\\\/de\\\/\",\"name\":\"ASSSA Deutsch\",\"description\":\"\",\"potentialAction\":[{\"@type\":\"SearchAction\",\"target\":{\"@type\":\"EntryPoint\",\"urlTemplate\":\"https:\\\/\\\/www.asssa.es\\\/de\\\/?s={search_term_string}\"},\"query-input\":{\"@type\":\"PropertyValueSpecification\",\"valueRequired\":true,\"valueName\":\"search_term_string\"}}],\"inLanguage\":\"de\"}]}<\/script>\n<!-- \/ Yoast SEO plugin. -->","yoast_head_json":{"title":"ASSSA zum Internationalen Tag gegen L\u00e4rm - ASSSA Deutsch","description":"Wir schlie\u00dfen uns dem Internationalen Tag gegen L\u00e4rm an, einem Aktionstag am 29. April, der darauf abzielt, das Bewusstsein f\u00fcr die Nachteile der L\u00e4rmbelastung zu sch\u00e4rfen.","robots":{"index":"index","follow":"follow","max-snippet":"max-snippet:-1","max-image-preview":"max-image-preview:large","max-video-preview":"max-video-preview:-1"},"canonical":"https:\/\/www.asssa.es\/de\/nachricht\/asssa-zum-internationalen-tag-gegen-laerm\/","og_locale":"de_DE","og_type":"article","og_title":"ASSSA zum Internationalen Tag gegen L\u00e4rm - ASSSA Deutsch","og_description":"Wir schlie\u00dfen uns dem Internationalen Tag gegen L\u00e4rm an, einem Aktionstag am 29. April, der darauf abzielt, das Bewusstsein f\u00fcr die Nachteile der L\u00e4rmbelastung zu sch\u00e4rfen.","og_url":"https:\/\/www.asssa.es\/de\/nachricht\/asssa-zum-internationalen-tag-gegen-laerm\/","og_site_name":"ASSSA Deutsch","og_image":[{"width":533,"height":300,"url":"https:\/\/www.asssa.es\/wp-content\/uploads\/2026\/04\/Imange-Noticia-Audicion-2.png","type":"image\/png"}],"twitter_card":"summary_large_image","twitter_misc":{"Gesch\u00e4tzte Lesezeit":"1\u00a0Minute"},"schema":{"@context":"https:\/\/schema.org","@graph":[{"@type":"WebPage","@id":"https:\/\/www.asssa.es\/de\/nachricht\/asssa-zum-internationalen-tag-gegen-laerm\/","url":"https:\/\/www.asssa.es\/de\/nachricht\/asssa-zum-internationalen-tag-gegen-laerm\/","name":"ASSSA zum Internationalen Tag gegen L\u00e4rm - ASSSA Deutsch","isPartOf":{"@id":"https:\/\/www.asssa.es\/de\/#website"},"primaryImageOfPage":{"@id":"https:\/\/www.asssa.es\/de\/nachricht\/asssa-zum-internationalen-tag-gegen-laerm\/#primaryimage"},"image":{"@id":"https:\/\/www.asssa.es\/de\/nachricht\/asssa-zum-internationalen-tag-gegen-laerm\/#primaryimage"},"thumbnailUrl":"https:\/\/www.asssa.es\/wp-content\/uploads\/2026\/04\/Imange-Noticia-Audicion-2.png","datePublished":"2026-04-29T06:58:23+00:00","description":"Wir schlie\u00dfen uns dem Internationalen Tag gegen L\u00e4rm an, einem Aktionstag am 29. April, der darauf abzielt, das Bewusstsein f\u00fcr die Nachteile der L\u00e4rmbelastung zu sch\u00e4rfen.","breadcrumb":{"@id":"https:\/\/www.asssa.es\/de\/nachricht\/asssa-zum-internationalen-tag-gegen-laerm\/#breadcrumb"},"inLanguage":"de","potentialAction":[{"@type":"ReadAction","target":["https:\/\/www.asssa.es\/de\/nachricht\/asssa-zum-internationalen-tag-gegen-laerm\/"]}]},{"@type":"ImageObject","inLanguage":"de","@id":"https:\/\/www.asssa.es\/de\/nachricht\/asssa-zum-internationalen-tag-gegen-laerm\/#primaryimage","url":"https:\/\/www.asssa.es\/wp-content\/uploads\/2026\/04\/Imange-Noticia-Audicion-2.png","contentUrl":"https:\/\/www.asssa.es\/wp-content\/uploads\/2026\/04\/Imange-Noticia-Audicion-2.png","width":533,"height":300},{"@type":"BreadcrumbList","@id":"https:\/\/www.asssa.es\/de\/nachricht\/asssa-zum-internationalen-tag-gegen-laerm\/#breadcrumb","itemListElement":[{"@type":"ListItem","position":1,"name":"Portada","item":"https:\/\/www.asssa.es\/de\/"},{"@type":"ListItem","position":2,"name":"ASSSA zum Internationalen Tag gegen L\u00e4rm"}]},{"@type":"WebSite","@id":"https:\/\/www.asssa.es\/de\/#website","url":"https:\/\/www.asssa.es\/de\/","name":"ASSSA Deutsch","description":"","potentialAction":[{"@type":"SearchAction","target":{"@type":"EntryPoint","urlTemplate":"https:\/\/www.asssa.es\/de\/?s={search_term_string}"},"query-input":{"@type":"PropertyValueSpecification","valueRequired":true,"valueName":"search_term_string"}}],"inLanguage":"de"}]}},"_links":{"self":[{"href":"https:\/\/www.asssa.es\/de\/wp-json\/wp\/v2\/noticia\/24268","targetHints":{"allow":["GET"]}}],"collection":[{"href":"https:\/\/www.asssa.es\/de\/wp-json\/wp\/v2\/noticia"}],"about":[{"href":"https:\/\/www.asssa.es\/de\/wp-json\/wp\/v2\/types\/noticia"}],"wp:featuredmedia":[{"embeddable":true,"href":"https:\/\/www.asssa.es\/de\/wp-json\/wp\/v2\/media\/24269"}],"wp:attachment":[{"href":"https:\/\/www.asssa.es\/de\/wp-json\/wp\/v2\/media?parent=24268"}],"curies":[{"name":"wp","href":"https:\/\/api.w.org\/{rel}","templated":true}]}}