{"id":20223,"date":"2025-04-30T12:38:09","date_gmt":"2025-04-30T10:38:09","guid":{"rendered":"https:\/\/www.asssa.es\/de\/?p=20223"},"modified":"2025-04-30T12:38:09","modified_gmt":"2025-04-30T10:38:09","slug":"ist-schlafen-bei-laerm-schaedlich-fuer-die-gesundheit","status":"publish","type":"post","link":"https:\/\/www.asssa.es\/de\/blog-eintrag\/ist-schlafen-bei-laerm-schaedlich-fuer-die-gesundheit\/","title":{"rendered":"Ist Schlafen bei L\u00e4rm sch\u00e4dlich f\u00fcr die Gesundheit?"},"content":{"rendered":"<p>L\u00e4rmbelastung ist ein bedeutender Umweltfaktor, der die Lebensqualit\u00e4t des Menschen direkt beeinflusst. Er sch\u00e4digt nicht nur das Trommelfell und den H\u00f6rnerv im Ohr, sondern hat auch einen negativen Einfluss auf unseren Schlaf.<\/p>\n<p><!--more--><\/p>\n<p>Nach Angaben der Weltgesundheitsorganisation (WHO) gilt ein L\u00e4rmpegel von maximal 85 Dezibel (dB) als unbedenklich, solange er nicht l\u00e4nger als 8 Stunden anh\u00e4lt. Dieser Pegel entspricht beispielsweise dem Ger\u00e4usch einer Feuerwehrsirene. Wird der L\u00e4rmpegel jedoch h\u00f6her, verk\u00fcrzt sich diese Expositionszeit. Ein Ger\u00e4usch von 200 dB (wie etwa das Ger\u00e4usch einer vorbeifahrenden U-Bahn) kann ohne gesundheitliche Risiken nur noch maximal 15 Minuten pro Tag ertragen werden.<\/p>\n<p>Die n\u00e4chtliche L\u00e4rmbelastung sollte hingegen nicht mehr als 40 dB betragen (dies entspricht dem Ger\u00e4usch einer normalen Unterhaltung, dem Ger\u00e4usch eines K\u00fchlschranks oder einer Klimaanlage oder einer wenig belebten Fu\u00dfg\u00e4ngerzone). Dieser Wert wird jedoch oft \u00fcberschritten. Tats\u00e4chlich leidet in Spanien <strong>mehr als 20 % der Bev\u00f6lkerung unter L\u00e4rmbel\u00e4stigung in ihren Wohnungen.<\/strong><\/p>\n<p><strong>Au\u00dferdem ist zu bedenken, dass unser K\u00f6rper w\u00e4hrend des Schlafs <\/strong>f\u00fcr die Wiederherstellung des k\u00f6rperlichen und geistigen Gleichgewichts sorgt. Dabei werden Hormone freigesetzt, die das Wachstum und die Reparatur von Geweben f\u00f6rdern, den Stoffwechsel regulieren, Toxine abbauen, das Immunsystem st\u00e4rken, das Ged\u00e4chtnis stabilisieren und emotionale Prozesse ausgleichen.<\/p>\n<p><strong>Folgen des Schlafens unter L\u00e4rmbelastung<\/strong><\/p>\n<ul>\n<li>M\u00fcdigkeit und Ersch\u00f6pfung<\/li>\n<li>Konzentrationsst\u00f6rungen<\/li>\n<li>Schlaflosigkeit<\/li>\n<li>Unbehagen und Kopfschmerzen<\/li>\n<li>Reizbarkeit und Aggressivit\u00e4t<\/li>\n<li>Stress und Angstzust\u00e4nde<\/li>\n<li>Muskelverspannungen<\/li>\n<li>H\u00f6rverlust<\/li>\n<\/ul>\n<p>Wie wir gesehen haben, ist der Mensch nicht immun gegen L\u00e4rm, auch wenn es den Anschein hat, dass wir uns an ihn anpassen. Es ist daher notwendig, <strong>den L\u00e4rmpegel zu senken, um einen erholsamen Schlaf gew\u00e4hrleisten zu k\u00f6nnen. <\/strong><\/p>\n<p>&nbsp;<\/p>\n<p><strong>Tipps f\u00fcr einen besseren Schlaf trotz L\u00e4rm<\/strong><\/p>\n<ul>\n<li>Verwendung von Ohrst\u00f6pseln. Obwohl es sich mit ihnen nicht besonders bequem schl\u00e4ft, k\u00f6nnen sie eine gute L\u00f6sung darstellen, wenn keine andere M\u00f6glichkeit besteht.<\/li>\n<li>Isolierung der Wohnung: es sollte in schalldichte Fenster und W\u00e4nde sowie dicke Vorh\u00e4nge investiert werden.<\/li>\n<li>Anwendung von Entspannungstechniken wie Atem\u00fcbungen oder Meditation, um besser vom Au\u00dfenl\u00e4rm abschalten zu k\u00f6nnen.<\/li>\n<\/ul>\n<p>&nbsp;<\/p>\n<p><strong>Wie kann jeder Einzelne zur Verringerung der L\u00e4rmbelastung beitragen?<\/strong><\/p>\n<ul>\n<li>Die Lautst\u00e4rke von Fernseher, Radio oder Lautsprechern reduzieren<\/li>\n<li>Nachts keine l\u00e4rmverursachenden Arbeiten durchf\u00fchren oder die Waschmaschine laufen lassen<\/li>\n<li>Auf die Nutzung von Privatfahrzeugen verzichten und das Hupen vermeiden<\/li>\n<li>In Bars und Restaurants leiser sprechen<\/li>\n<\/ul>\n<p>&nbsp;<\/p>\n<p>Wenn Sie noch Fragen haben oder unter Schlaflosigkeit leiden sollten, k\u00f6nnen Sie sich an Ihren Gesundheitsberater wenden, der Ihnen die n\u00f6tige Hilfestellung leisten wird, damit Sie einen geruhsamen Schlaf genie\u00dfen k\u00f6nnen.<\/p>\n<h6><strong><u><a href=\"https:\/\/www.asssa.es\/de\/versicherung\/krankenversicherungen-\/\" target=\"_blank\" rel=\"noopener noreferrer\">Medizinische Leistungen ASSSA<\/a><\/u><\/strong><\/h6>\n<h6><em>Die ver\u00f6ffentlichte Information ersetzt in keinster Weise die direkte Konsultation mit einem Arzt, weder seine Diagnose noch den verschriebenen Behandlungsplan. Bitte auch nocht als Selbstdiagnoseverfahren verwenden.\u00a0<\/em><\/h6>\n<h6><em>Der Leser nutzt diesen Service in ausschliesslich eigener Verantwortung.\u00a0<\/em><\/h6>\n<h6><em>ASSSA empfiehlt, bei Fragen und Zweifeln sich zun\u00e4chst direkt an Ihren Arzt zu wenden.<\/em><\/h6>\n","protected":false},"excerpt":{"rendered":"<p>L\u00e4rmbelastung ist ein bedeutender Umweltfaktor, der die Lebensqualit\u00e4t des Menschen direkt beeinflusst. Er sch\u00e4digt nicht nur das Trommelfell und den H\u00f6rnerv im Ohr, sondern hat auch einen negativen Einfluss auf unseren Schlaf.<\/p>\n","protected":false},"author":17,"featured_media":20224,"comment_status":"open","ping_status":"open","sticky":false,"template":"","format":"standard","meta":{"_acf_changed":false,"footnotes":""},"categories":[11],"tags":[],"class_list":["post-20223","post","type-post","status-publish","format-standard","has-post-thumbnail","hentry","category-gesundheitstipps"],"acf":[],"yoast_head":"<!-- This site is optimized with the Yoast SEO plugin v27.4 - https:\/\/yoast.com\/product\/yoast-seo-wordpress\/ -->\n<title>Ist Schlafen bei L\u00e4rm sch\u00e4dlich f\u00fcr die Gesundheit? - ASSSA Deutsch<\/title>\n<meta name=\"description\" content=\"L\u00e4rmbelastung ist ein bedeutender Umweltfaktor, der die Lebensqualit\u00e4t des Menschen direkt beeinflusst.\" \/>\n<meta name=\"robots\" content=\"index, follow, max-snippet:-1, max-image-preview:large, max-video-preview:-1\" \/>\n<link rel=\"canonical\" href=\"https:\/\/www.asssa.es\/de\/blog-eintrag\/ist-schlafen-bei-laerm-schaedlich-fuer-die-gesundheit\/\" \/>\n<meta property=\"og:locale\" content=\"de_DE\" \/>\n<meta property=\"og:type\" content=\"article\" \/>\n<meta property=\"og:title\" content=\"Ist Schlafen bei L\u00e4rm sch\u00e4dlich f\u00fcr die Gesundheit? - ASSSA Deutsch\" \/>\n<meta property=\"og:description\" content=\"L\u00e4rmbelastung ist ein bedeutender Umweltfaktor, der die Lebensqualit\u00e4t des Menschen direkt beeinflusst.\" \/>\n<meta property=\"og:url\" content=\"https:\/\/www.asssa.es\/de\/blog-eintrag\/ist-schlafen-bei-laerm-schaedlich-fuer-die-gesundheit\/\" \/>\n<meta property=\"og:site_name\" content=\"ASSSA Deutsch\" \/>\n<meta property=\"article:published_time\" content=\"2025-04-30T10:38:09+00:00\" \/>\n<meta property=\"og:image\" content=\"https:\/\/www.asssa.es\/wp-content\/uploads\/2025\/04\/Dormir_ruido-2.png\" \/>\n\t<meta property=\"og:image:width\" content=\"600\" \/>\n\t<meta property=\"og:image:height\" content=\"297\" \/>\n\t<meta property=\"og:image:type\" content=\"image\/png\" \/>\n<meta name=\"author\" content=\"anabisquert\" \/>\n<meta name=\"twitter:card\" content=\"summary_large_image\" \/>\n<meta name=\"twitter:label1\" content=\"Verfasst von\" \/>\n\t<meta name=\"twitter:data1\" content=\"anabisquert\" \/>\n\t<meta name=\"twitter:label2\" content=\"Gesch\u00e4tzte Lesezeit\" \/>\n\t<meta name=\"twitter:data2\" content=\"3\u00a0Minuten\" \/>\n<script type=\"application\/ld+json\" class=\"yoast-schema-graph\">{\"@context\":\"https:\\\/\\\/schema.org\",\"@graph\":[{\"@type\":\"Article\",\"@id\":\"https:\\\/\\\/www.asssa.es\\\/de\\\/blog-eintrag\\\/ist-schlafen-bei-laerm-schaedlich-fuer-die-gesundheit\\\/#article\",\"isPartOf\":{\"@id\":\"https:\\\/\\\/www.asssa.es\\\/de\\\/blog-eintrag\\\/ist-schlafen-bei-laerm-schaedlich-fuer-die-gesundheit\\\/\"},\"author\":{\"name\":\"anabisquert\",\"@id\":\"https:\\\/\\\/www.asssa.es\\\/de\\\/#\\\/schema\\\/person\\\/28426677ce1ecdf429f899be3593c606\"},\"headline\":\"Ist Schlafen bei L\u00e4rm sch\u00e4dlich f\u00fcr die Gesundheit?\",\"datePublished\":\"2025-04-30T10:38:09+00:00\",\"mainEntityOfPage\":{\"@id\":\"https:\\\/\\\/www.asssa.es\\\/de\\\/blog-eintrag\\\/ist-schlafen-bei-laerm-schaedlich-fuer-die-gesundheit\\\/\"},\"wordCount\":512,\"commentCount\":0,\"image\":{\"@id\":\"https:\\\/\\\/www.asssa.es\\\/de\\\/blog-eintrag\\\/ist-schlafen-bei-laerm-schaedlich-fuer-die-gesundheit\\\/#primaryimage\"},\"thumbnailUrl\":\"https:\\\/\\\/www.asssa.es\\\/wp-content\\\/uploads\\\/2025\\\/04\\\/Dormir_ruido-2.png\",\"articleSection\":[\"Gesundheitstipps\"],\"inLanguage\":\"de\",\"potentialAction\":[{\"@type\":\"CommentAction\",\"name\":\"Comment\",\"target\":[\"https:\\\/\\\/www.asssa.es\\\/de\\\/blog-eintrag\\\/ist-schlafen-bei-laerm-schaedlich-fuer-die-gesundheit\\\/#respond\"]}]},{\"@type\":\"WebPage\",\"@id\":\"https:\\\/\\\/www.asssa.es\\\/de\\\/blog-eintrag\\\/ist-schlafen-bei-laerm-schaedlich-fuer-die-gesundheit\\\/\",\"url\":\"https:\\\/\\\/www.asssa.es\\\/de\\\/blog-eintrag\\\/ist-schlafen-bei-laerm-schaedlich-fuer-die-gesundheit\\\/\",\"name\":\"Ist Schlafen bei L\u00e4rm sch\u00e4dlich f\u00fcr die Gesundheit? - ASSSA Deutsch\",\"isPartOf\":{\"@id\":\"https:\\\/\\\/www.asssa.es\\\/de\\\/#website\"},\"primaryImageOfPage\":{\"@id\":\"https:\\\/\\\/www.asssa.es\\\/de\\\/blog-eintrag\\\/ist-schlafen-bei-laerm-schaedlich-fuer-die-gesundheit\\\/#primaryimage\"},\"image\":{\"@id\":\"https:\\\/\\\/www.asssa.es\\\/de\\\/blog-eintrag\\\/ist-schlafen-bei-laerm-schaedlich-fuer-die-gesundheit\\\/#primaryimage\"},\"thumbnailUrl\":\"https:\\\/\\\/www.asssa.es\\\/wp-content\\\/uploads\\\/2025\\\/04\\\/Dormir_ruido-2.png\",\"datePublished\":\"2025-04-30T10:38:09+00:00\",\"author\":{\"@id\":\"https:\\\/\\\/www.asssa.es\\\/de\\\/#\\\/schema\\\/person\\\/28426677ce1ecdf429f899be3593c606\"},\"description\":\"L\u00e4rmbelastung ist ein bedeutender Umweltfaktor, der die Lebensqualit\u00e4t des Menschen direkt beeinflusst.\",\"breadcrumb\":{\"@id\":\"https:\\\/\\\/www.asssa.es\\\/de\\\/blog-eintrag\\\/ist-schlafen-bei-laerm-schaedlich-fuer-die-gesundheit\\\/#breadcrumb\"},\"inLanguage\":\"de\",\"potentialAction\":[{\"@type\":\"ReadAction\",\"target\":[\"https:\\\/\\\/www.asssa.es\\\/de\\\/blog-eintrag\\\/ist-schlafen-bei-laerm-schaedlich-fuer-die-gesundheit\\\/\"]}]},{\"@type\":\"ImageObject\",\"inLanguage\":\"de\",\"@id\":\"https:\\\/\\\/www.asssa.es\\\/de\\\/blog-eintrag\\\/ist-schlafen-bei-laerm-schaedlich-fuer-die-gesundheit\\\/#primaryimage\",\"url\":\"https:\\\/\\\/www.asssa.es\\\/wp-content\\\/uploads\\\/2025\\\/04\\\/Dormir_ruido-2.png\",\"contentUrl\":\"https:\\\/\\\/www.asssa.es\\\/wp-content\\\/uploads\\\/2025\\\/04\\\/Dormir_ruido-2.png\",\"width\":600,\"height\":297},{\"@type\":\"BreadcrumbList\",\"@id\":\"https:\\\/\\\/www.asssa.es\\\/de\\\/blog-eintrag\\\/ist-schlafen-bei-laerm-schaedlich-fuer-die-gesundheit\\\/#breadcrumb\",\"itemListElement\":[{\"@type\":\"ListItem\",\"position\":1,\"name\":\"Portada\",\"item\":\"https:\\\/\\\/www.asssa.es\\\/de\\\/\"},{\"@type\":\"ListItem\",\"position\":2,\"name\":\"Ist Schlafen bei L\u00e4rm sch\u00e4dlich f\u00fcr die Gesundheit?\"}]},{\"@type\":\"WebSite\",\"@id\":\"https:\\\/\\\/www.asssa.es\\\/de\\\/#website\",\"url\":\"https:\\\/\\\/www.asssa.es\\\/de\\\/\",\"name\":\"ASSSA Deutsch\",\"description\":\"\",\"potentialAction\":[{\"@type\":\"SearchAction\",\"target\":{\"@type\":\"EntryPoint\",\"urlTemplate\":\"https:\\\/\\\/www.asssa.es\\\/de\\\/?s={search_term_string}\"},\"query-input\":{\"@type\":\"PropertyValueSpecification\",\"valueRequired\":true,\"valueName\":\"search_term_string\"}}],\"inLanguage\":\"de\"},{\"@type\":\"Person\",\"@id\":\"https:\\\/\\\/www.asssa.es\\\/de\\\/#\\\/schema\\\/person\\\/28426677ce1ecdf429f899be3593c606\",\"name\":\"anabisquert\",\"image\":{\"@type\":\"ImageObject\",\"inLanguage\":\"de\",\"@id\":\"https:\\\/\\\/secure.gravatar.com\\\/avatar\\\/e9cae4df96875fce5fb542f19394d31947278addfbdcdc1f4b3381f226af94d5?s=96&d=mm&r=g\",\"url\":\"https:\\\/\\\/secure.gravatar.com\\\/avatar\\\/e9cae4df96875fce5fb542f19394d31947278addfbdcdc1f4b3381f226af94d5?s=96&d=mm&r=g\",\"contentUrl\":\"https:\\\/\\\/secure.gravatar.com\\\/avatar\\\/e9cae4df96875fce5fb542f19394d31947278addfbdcdc1f4b3381f226af94d5?s=96&d=mm&r=g\",\"caption\":\"anabisquert\"},\"url\":\"https:\\\/\\\/www.asssa.es\\\/de\\\/blog-eintrag\\\/author\\\/anabisquert\\\/\"}]}<\/script>\n<!-- \/ Yoast SEO plugin. -->","yoast_head_json":{"title":"Ist Schlafen bei L\u00e4rm sch\u00e4dlich f\u00fcr die Gesundheit? - ASSSA Deutsch","description":"L\u00e4rmbelastung ist ein bedeutender Umweltfaktor, der die Lebensqualit\u00e4t des Menschen direkt beeinflusst.","robots":{"index":"index","follow":"follow","max-snippet":"max-snippet:-1","max-image-preview":"max-image-preview:large","max-video-preview":"max-video-preview:-1"},"canonical":"https:\/\/www.asssa.es\/de\/blog-eintrag\/ist-schlafen-bei-laerm-schaedlich-fuer-die-gesundheit\/","og_locale":"de_DE","og_type":"article","og_title":"Ist Schlafen bei L\u00e4rm sch\u00e4dlich f\u00fcr die Gesundheit? - ASSSA Deutsch","og_description":"L\u00e4rmbelastung ist ein bedeutender Umweltfaktor, der die Lebensqualit\u00e4t des Menschen direkt beeinflusst.","og_url":"https:\/\/www.asssa.es\/de\/blog-eintrag\/ist-schlafen-bei-laerm-schaedlich-fuer-die-gesundheit\/","og_site_name":"ASSSA Deutsch","article_published_time":"2025-04-30T10:38:09+00:00","og_image":[{"width":600,"height":297,"url":"https:\/\/www.asssa.es\/wp-content\/uploads\/2025\/04\/Dormir_ruido-2.png","type":"image\/png"}],"author":"anabisquert","twitter_card":"summary_large_image","twitter_misc":{"Verfasst von":"anabisquert","Gesch\u00e4tzte Lesezeit":"3\u00a0Minuten"},"schema":{"@context":"https:\/\/schema.org","@graph":[{"@type":"Article","@id":"https:\/\/www.asssa.es\/de\/blog-eintrag\/ist-schlafen-bei-laerm-schaedlich-fuer-die-gesundheit\/#article","isPartOf":{"@id":"https:\/\/www.asssa.es\/de\/blog-eintrag\/ist-schlafen-bei-laerm-schaedlich-fuer-die-gesundheit\/"},"author":{"name":"anabisquert","@id":"https:\/\/www.asssa.es\/de\/#\/schema\/person\/28426677ce1ecdf429f899be3593c606"},"headline":"Ist Schlafen bei L\u00e4rm sch\u00e4dlich f\u00fcr die Gesundheit?","datePublished":"2025-04-30T10:38:09+00:00","mainEntityOfPage":{"@id":"https:\/\/www.asssa.es\/de\/blog-eintrag\/ist-schlafen-bei-laerm-schaedlich-fuer-die-gesundheit\/"},"wordCount":512,"commentCount":0,"image":{"@id":"https:\/\/www.asssa.es\/de\/blog-eintrag\/ist-schlafen-bei-laerm-schaedlich-fuer-die-gesundheit\/#primaryimage"},"thumbnailUrl":"https:\/\/www.asssa.es\/wp-content\/uploads\/2025\/04\/Dormir_ruido-2.png","articleSection":["Gesundheitstipps"],"inLanguage":"de","potentialAction":[{"@type":"CommentAction","name":"Comment","target":["https:\/\/www.asssa.es\/de\/blog-eintrag\/ist-schlafen-bei-laerm-schaedlich-fuer-die-gesundheit\/#respond"]}]},{"@type":"WebPage","@id":"https:\/\/www.asssa.es\/de\/blog-eintrag\/ist-schlafen-bei-laerm-schaedlich-fuer-die-gesundheit\/","url":"https:\/\/www.asssa.es\/de\/blog-eintrag\/ist-schlafen-bei-laerm-schaedlich-fuer-die-gesundheit\/","name":"Ist Schlafen bei L\u00e4rm sch\u00e4dlich f\u00fcr die Gesundheit? - ASSSA Deutsch","isPartOf":{"@id":"https:\/\/www.asssa.es\/de\/#website"},"primaryImageOfPage":{"@id":"https:\/\/www.asssa.es\/de\/blog-eintrag\/ist-schlafen-bei-laerm-schaedlich-fuer-die-gesundheit\/#primaryimage"},"image":{"@id":"https:\/\/www.asssa.es\/de\/blog-eintrag\/ist-schlafen-bei-laerm-schaedlich-fuer-die-gesundheit\/#primaryimage"},"thumbnailUrl":"https:\/\/www.asssa.es\/wp-content\/uploads\/2025\/04\/Dormir_ruido-2.png","datePublished":"2025-04-30T10:38:09+00:00","author":{"@id":"https:\/\/www.asssa.es\/de\/#\/schema\/person\/28426677ce1ecdf429f899be3593c606"},"description":"L\u00e4rmbelastung ist ein bedeutender Umweltfaktor, der die Lebensqualit\u00e4t des Menschen direkt beeinflusst.","breadcrumb":{"@id":"https:\/\/www.asssa.es\/de\/blog-eintrag\/ist-schlafen-bei-laerm-schaedlich-fuer-die-gesundheit\/#breadcrumb"},"inLanguage":"de","potentialAction":[{"@type":"ReadAction","target":["https:\/\/www.asssa.es\/de\/blog-eintrag\/ist-schlafen-bei-laerm-schaedlich-fuer-die-gesundheit\/"]}]},{"@type":"ImageObject","inLanguage":"de","@id":"https:\/\/www.asssa.es\/de\/blog-eintrag\/ist-schlafen-bei-laerm-schaedlich-fuer-die-gesundheit\/#primaryimage","url":"https:\/\/www.asssa.es\/wp-content\/uploads\/2025\/04\/Dormir_ruido-2.png","contentUrl":"https:\/\/www.asssa.es\/wp-content\/uploads\/2025\/04\/Dormir_ruido-2.png","width":600,"height":297},{"@type":"BreadcrumbList","@id":"https:\/\/www.asssa.es\/de\/blog-eintrag\/ist-schlafen-bei-laerm-schaedlich-fuer-die-gesundheit\/#breadcrumb","itemListElement":[{"@type":"ListItem","position":1,"name":"Portada","item":"https:\/\/www.asssa.es\/de\/"},{"@type":"ListItem","position":2,"name":"Ist Schlafen bei L\u00e4rm sch\u00e4dlich f\u00fcr die Gesundheit?"}]},{"@type":"WebSite","@id":"https:\/\/www.asssa.es\/de\/#website","url":"https:\/\/www.asssa.es\/de\/","name":"ASSSA Deutsch","description":"","potentialAction":[{"@type":"SearchAction","target":{"@type":"EntryPoint","urlTemplate":"https:\/\/www.asssa.es\/de\/?s={search_term_string}"},"query-input":{"@type":"PropertyValueSpecification","valueRequired":true,"valueName":"search_term_string"}}],"inLanguage":"de"},{"@type":"Person","@id":"https:\/\/www.asssa.es\/de\/#\/schema\/person\/28426677ce1ecdf429f899be3593c606","name":"anabisquert","image":{"@type":"ImageObject","inLanguage":"de","@id":"https:\/\/secure.gravatar.com\/avatar\/e9cae4df96875fce5fb542f19394d31947278addfbdcdc1f4b3381f226af94d5?s=96&d=mm&r=g","url":"https:\/\/secure.gravatar.com\/avatar\/e9cae4df96875fce5fb542f19394d31947278addfbdcdc1f4b3381f226af94d5?s=96&d=mm&r=g","contentUrl":"https:\/\/secure.gravatar.com\/avatar\/e9cae4df96875fce5fb542f19394d31947278addfbdcdc1f4b3381f226af94d5?s=96&d=mm&r=g","caption":"anabisquert"},"url":"https:\/\/www.asssa.es\/de\/blog-eintrag\/author\/anabisquert\/"}]}},"jetpack_featured_media_url":"https:\/\/www.asssa.es\/wp-content\/uploads\/2025\/04\/Dormir_ruido-2.png","_links":{"self":[{"href":"https:\/\/www.asssa.es\/de\/wp-json\/wp\/v2\/posts\/20223","targetHints":{"allow":["GET"]}}],"collection":[{"href":"https:\/\/www.asssa.es\/de\/wp-json\/wp\/v2\/posts"}],"about":[{"href":"https:\/\/www.asssa.es\/de\/wp-json\/wp\/v2\/types\/post"}],"author":[{"embeddable":true,"href":"https:\/\/www.asssa.es\/de\/wp-json\/wp\/v2\/users\/17"}],"replies":[{"embeddable":true,"href":"https:\/\/www.asssa.es\/de\/wp-json\/wp\/v2\/comments?post=20223"}],"version-history":[{"count":2,"href":"https:\/\/www.asssa.es\/de\/wp-json\/wp\/v2\/posts\/20223\/revisions"}],"predecessor-version":[{"id":20226,"href":"https:\/\/www.asssa.es\/de\/wp-json\/wp\/v2\/posts\/20223\/revisions\/20226"}],"wp:featuredmedia":[{"embeddable":true,"href":"https:\/\/www.asssa.es\/de\/wp-json\/wp\/v2\/media\/20224"}],"wp:attachment":[{"href":"https:\/\/www.asssa.es\/de\/wp-json\/wp\/v2\/media?parent=20223"}],"wp:term":[{"taxonomy":"category","embeddable":true,"href":"https:\/\/www.asssa.es\/de\/wp-json\/wp\/v2\/categories?post=20223"},{"taxonomy":"post_tag","embeddable":true,"href":"https:\/\/www.asssa.es\/de\/wp-json\/wp\/v2\/tags?post=20223"}],"curies":[{"name":"wp","href":"https:\/\/api.w.org\/{rel}","templated":true}]}}