{"id":7097,"date":"2020-04-23T18:39:15","date_gmt":"2020-04-23T16:39:15","guid":{"rendered":"https:\/\/www.asssa.es\/de\/?p=7097"},"modified":"2020-04-24T10:20:03","modified_gmt":"2020-04-24T08:20:03","slug":"covid-19-die-meditation-als-verbuendeter","status":"publish","type":"post","link":"https:\/\/www.asssa.es\/de\/blog-eintrag\/covid-19-die-meditation-als-verbuendeter\/","title":{"rendered":"COVID-19 Die Meditation als Verb\u00fcndeter"},"content":{"rendered":"<p>Wir leben zur Zeit eine Situation, die es noch nie gegeben hat. In den letzten Wochen sind wir in unseren H\u00e4usern geblieben, ohne die M\u00f6glichkeit viele der gew\u00f6hnlichen Aktivit\u00e4ten auszuf\u00fchren. Dies f\u00fchrt zu Unsicherheit und folglich zu Spannungen, Ungeduld und Stress.<\/p>\n<p><!--more--><\/p>\n<p>In diesem Zusammenhang r\u00e4t die Weltgesundheitsorganisation zur Meditation als Alternative, um mit diesen Gef\u00fchlen w\u00e4hrend der Isolation umzugehen, und mit der wir durch eine t\u00e4gliche Praxis emotionales Wohlbefinden erreichen k\u00f6nnen.<\/p>\n<p>In letzter Zeit ist Meditationstraining sehr beliebt und wird bei Patienten mit stressbedingten Gesundheitsproblemen als sehr positiv angesehen.<\/p>\n<p><strong>Welche Vorteile bringt Meditation?<\/strong><\/p>\n<p>Reduziert Angst und Stress, verbessert die Stimmung und gleicht Emotionen aus.<br \/>\nVerbesserung der Schlafqualit\u00e4t und Konzentration.<br \/>\nErh\u00f6ht das Einf\u00fchlungsverm\u00f6gen und st\u00e4rkt unsere Lernf\u00e4higkeit.<br \/>\nBeg\u00fcnstigt unsere Widerstandsf\u00e4higkeit und tr\u00e4gt dazu bei, gegen\u00fcber schwierigen Situationen eine anpassungsf\u00e4hige Einstellung einzunehmen.<\/p>\n<p><strong>Was brauchen wir zum Meditieren?<\/strong><\/p>\n<ul>\n<li><strong>Raum.<\/strong> Es ist ratsam, einen Ort zu Hause zu finden, der Ruhe vermittelt und so weit wie m\u00f6glich von Ablenkungen entfernt ist.<\/li>\n<li><strong>Zeit.<\/strong> Es ist nicht notwendig, viel Zeit mit Meditieren zu verbringen. 10 bis 20 Minuten pro Tag reichen aus, um unseren inneren Frieden zu finden.<\/li>\n<li><strong>Komfort.<\/strong> Es ist ratsam, wenn m\u00f6glich, bequeme Kleidung zu tragen, die unsere Bewegung bei der Aus\u00fcbung dieser T\u00e4tigkeit nicht beschr\u00e4nkt.<\/li>\n<li><strong>Konstanz.<\/strong> Meditation erfordert Ausdauer und Geduld, insbesondere im Anfangsstadium, wenn die Wirksamkeit h\u00e4ufig in Frage gestellt wird.<\/li>\n<\/ul>\n<p><strong>Wie fange ich an zu meditieren?<\/strong><\/p>\n<p>Derzeit gibt es im Internet viele Seiten und Plattformen, die eine Vielzahl von Inhalten \u00fcber Mediation auf allen Ebenen anbieten. Allgemein sollten jedoch folgende Richtlinien beachtet werden:<\/p>\n<ul>\n<li>Setzen Sie sich und nehmen Sie eine aufrechte Haltung auf Ihrem R\u00fccken ein, um Verspannungen im Nacken und an den Schultern zu vermeiden.<\/li>\n<li>Konzentrieren Sie sich auf die Atmung. Atmen Sie aus und atmen Sie sanft ein.<\/li>\n<li>Identifizieren Sie die Gedanken, die sie dekonzentrieren, lassen Sie sie los und konzentrieren Sie sich auf die Atmung.<\/li>\n<\/ul>\n<p>Mit Meditation machen wir ein K\u00f6rper-Geist-Training, das uns gesundheitliche Vorteile und eine gr\u00f6\u00dfere emotionale Stabilit\u00e4t bietet. Insbesondere in diesen Zeiten der Isolation ist dieser Ausgleich notwendig.<\/p>\n<p>&nbsp;<\/p>\n<h6><strong><u><a href=\"https:\/\/www.asssa.es\/de\/versicherung\/krankenversicherungen-\/\" target=\"_blank\" rel=\"noopener noreferrer\">Medizinische Leistungen ASSSA<\/a><\/u><\/strong><\/h6>\n<h6><em>Die ver\u00f6ffentlichte Information ersetzt in keinster Weise die direkte Konsultation mit einem Arzt, weder seine Diagnose noch den verschriebenen Behandlungsplan. Bitte auch nocht als Selbstdiagnoseverfahren verwenden.\u00a0<\/em><\/h6>\n<h6><em>Der Leser nutzt diesen Service in ausschliesslich eigener Verantwortung.\u00a0<\/em><\/h6>\n<h6><em>ASSSA empfiehlt, bei Fragen und Zweifeln sich zun\u00e4chst direkt an Ihren Arzt zu wenden<\/em><\/h6>\n","protected":false},"excerpt":{"rendered":"<p>Wir leben zur Zeit eine Situation, die es noch nie gegeben hat. In den letzten Wochen sind wir in unseren H\u00e4usern geblieben, ohne die M\u00f6glichkeit viele der gew\u00f6hnlichen Aktivit\u00e4ten auszuf\u00fchren. Dies f\u00fchrt zu Unsicherheit und folglich zu Spannungen, Ungeduld und Stress.<\/p>\n","protected":false},"author":20,"featured_media":7098,"comment_status":"open","ping_status":"open","sticky":false,"template":"","format":"standard","meta":{"_acf_changed":false,"footnotes":""},"categories":[11],"tags":[],"class_list":["post-7097","post","type-post","status-publish","format-standard","has-post-thumbnail","hentry","category-gesundheitstipps"],"acf":[],"yoast_head":"<!-- This site is optimized with the Yoast SEO plugin v27.4 - https:\/\/yoast.com\/product\/yoast-seo-wordpress\/ -->\n<title>COVID-19 Die Meditation als Verb\u00fcndeter - ASSSA Deutsch<\/title>\n<meta name=\"robots\" content=\"index, follow, max-snippet:-1, max-image-preview:large, max-video-preview:-1\" \/>\n<link rel=\"canonical\" href=\"https:\/\/www.asssa.es\/de\/blog-eintrag\/covid-19-die-meditation-als-verbuendeter\/\" \/>\n<meta property=\"og:locale\" content=\"de_DE\" \/>\n<meta property=\"og:type\" content=\"article\" \/>\n<meta property=\"og:title\" content=\"COVID-19 Die Meditation als Verb\u00fcndeter - ASSSA Deutsch\" \/>\n<meta property=\"og:description\" content=\"Wir leben zur Zeit eine Situation, die es noch nie gegeben hat. In den letzten Wochen sind wir in unseren H\u00e4usern geblieben, ohne die M\u00f6glichkeit viele der gew\u00f6hnlichen Aktivit\u00e4ten auszuf\u00fchren. Dies f\u00fchrt zu Unsicherheit und folglich zu Spannungen, Ungeduld und Stress.\" \/>\n<meta property=\"og:url\" content=\"https:\/\/www.asssa.es\/de\/blog-eintrag\/covid-19-die-meditation-als-verbuendeter\/\" \/>\n<meta property=\"og:site_name\" content=\"ASSSA Deutsch\" \/>\n<meta property=\"article:published_time\" content=\"2020-04-23T16:39:15+00:00\" \/>\n<meta property=\"article:modified_time\" content=\"2020-04-24T08:20:03+00:00\" \/>\n<meta property=\"og:image\" content=\"https:\/\/www.asssa.es\/wp-content\/uploads\/2020\/04\/Blog-Meditacion-2.png\" \/>\n\t<meta property=\"og:image:width\" content=\"600\" \/>\n\t<meta property=\"og:image:height\" content=\"297\" \/>\n\t<meta property=\"og:image:type\" content=\"image\/png\" \/>\n<meta name=\"author\" content=\"soporte\" \/>\n<meta name=\"twitter:card\" content=\"summary_large_image\" \/>\n<meta name=\"twitter:label1\" content=\"Verfasst von\" \/>\n\t<meta name=\"twitter:data1\" content=\"soporte\" \/>\n\t<meta name=\"twitter:label2\" content=\"Gesch\u00e4tzte Lesezeit\" \/>\n\t<meta name=\"twitter:data2\" content=\"2\u00a0Minuten\" \/>\n<script type=\"application\/ld+json\" class=\"yoast-schema-graph\">{\"@context\":\"https:\\\/\\\/schema.org\",\"@graph\":[{\"@type\":\"Article\",\"@id\":\"https:\\\/\\\/www.asssa.es\\\/de\\\/blog-eintrag\\\/covid-19-die-meditation-als-verbuendeter\\\/#article\",\"isPartOf\":{\"@id\":\"https:\\\/\\\/www.asssa.es\\\/de\\\/blog-eintrag\\\/covid-19-die-meditation-als-verbuendeter\\\/\"},\"author\":{\"name\":\"soporte\",\"@id\":\"https:\\\/\\\/www.asssa.es\\\/de\\\/#\\\/schema\\\/person\\\/e545c5b8d121593dd020f3a63aec3e90\"},\"headline\":\"COVID-19 Die Meditation als Verb\u00fcndeter\",\"datePublished\":\"2020-04-23T16:39:15+00:00\",\"dateModified\":\"2020-04-24T08:20:03+00:00\",\"mainEntityOfPage\":{\"@id\":\"https:\\\/\\\/www.asssa.es\\\/de\\\/blog-eintrag\\\/covid-19-die-meditation-als-verbuendeter\\\/\"},\"wordCount\":424,\"commentCount\":0,\"image\":{\"@id\":\"https:\\\/\\\/www.asssa.es\\\/de\\\/blog-eintrag\\\/covid-19-die-meditation-als-verbuendeter\\\/#primaryimage\"},\"thumbnailUrl\":\"https:\\\/\\\/www.asssa.es\\\/wp-content\\\/uploads\\\/2020\\\/04\\\/Blog-Meditacion-2.png\",\"articleSection\":[\"Gesundheitstipps\"],\"inLanguage\":\"de\",\"potentialAction\":[{\"@type\":\"CommentAction\",\"name\":\"Comment\",\"target\":[\"https:\\\/\\\/www.asssa.es\\\/de\\\/blog-eintrag\\\/covid-19-die-meditation-als-verbuendeter\\\/#respond\"]}]},{\"@type\":\"WebPage\",\"@id\":\"https:\\\/\\\/www.asssa.es\\\/de\\\/blog-eintrag\\\/covid-19-die-meditation-als-verbuendeter\\\/\",\"url\":\"https:\\\/\\\/www.asssa.es\\\/de\\\/blog-eintrag\\\/covid-19-die-meditation-als-verbuendeter\\\/\",\"name\":\"COVID-19 Die Meditation als Verb\u00fcndeter - ASSSA Deutsch\",\"isPartOf\":{\"@id\":\"https:\\\/\\\/www.asssa.es\\\/de\\\/#website\"},\"primaryImageOfPage\":{\"@id\":\"https:\\\/\\\/www.asssa.es\\\/de\\\/blog-eintrag\\\/covid-19-die-meditation-als-verbuendeter\\\/#primaryimage\"},\"image\":{\"@id\":\"https:\\\/\\\/www.asssa.es\\\/de\\\/blog-eintrag\\\/covid-19-die-meditation-als-verbuendeter\\\/#primaryimage\"},\"thumbnailUrl\":\"https:\\\/\\\/www.asssa.es\\\/wp-content\\\/uploads\\\/2020\\\/04\\\/Blog-Meditacion-2.png\",\"datePublished\":\"2020-04-23T16:39:15+00:00\",\"dateModified\":\"2020-04-24T08:20:03+00:00\",\"author\":{\"@id\":\"https:\\\/\\\/www.asssa.es\\\/de\\\/#\\\/schema\\\/person\\\/e545c5b8d121593dd020f3a63aec3e90\"},\"breadcrumb\":{\"@id\":\"https:\\\/\\\/www.asssa.es\\\/de\\\/blog-eintrag\\\/covid-19-die-meditation-als-verbuendeter\\\/#breadcrumb\"},\"inLanguage\":\"de\",\"potentialAction\":[{\"@type\":\"ReadAction\",\"target\":[\"https:\\\/\\\/www.asssa.es\\\/de\\\/blog-eintrag\\\/covid-19-die-meditation-als-verbuendeter\\\/\"]}]},{\"@type\":\"ImageObject\",\"inLanguage\":\"de\",\"@id\":\"https:\\\/\\\/www.asssa.es\\\/de\\\/blog-eintrag\\\/covid-19-die-meditation-als-verbuendeter\\\/#primaryimage\",\"url\":\"https:\\\/\\\/www.asssa.es\\\/wp-content\\\/uploads\\\/2020\\\/04\\\/Blog-Meditacion-2.png\",\"contentUrl\":\"https:\\\/\\\/www.asssa.es\\\/wp-content\\\/uploads\\\/2020\\\/04\\\/Blog-Meditacion-2.png\",\"width\":600,\"height\":297},{\"@type\":\"BreadcrumbList\",\"@id\":\"https:\\\/\\\/www.asssa.es\\\/de\\\/blog-eintrag\\\/covid-19-die-meditation-als-verbuendeter\\\/#breadcrumb\",\"itemListElement\":[{\"@type\":\"ListItem\",\"position\":1,\"name\":\"Portada\",\"item\":\"https:\\\/\\\/www.asssa.es\\\/de\\\/\"},{\"@type\":\"ListItem\",\"position\":2,\"name\":\"COVID-19 Die Meditation als Verb\u00fcndeter\"}]},{\"@type\":\"WebSite\",\"@id\":\"https:\\\/\\\/www.asssa.es\\\/de\\\/#website\",\"url\":\"https:\\\/\\\/www.asssa.es\\\/de\\\/\",\"name\":\"ASSSA Deutsch\",\"description\":\"\",\"potentialAction\":[{\"@type\":\"SearchAction\",\"target\":{\"@type\":\"EntryPoint\",\"urlTemplate\":\"https:\\\/\\\/www.asssa.es\\\/de\\\/?s={search_term_string}\"},\"query-input\":{\"@type\":\"PropertyValueSpecification\",\"valueRequired\":true,\"valueName\":\"search_term_string\"}}],\"inLanguage\":\"de\"},{\"@type\":\"Person\",\"@id\":\"https:\\\/\\\/www.asssa.es\\\/de\\\/#\\\/schema\\\/person\\\/e545c5b8d121593dd020f3a63aec3e90\",\"name\":\"soporte\",\"image\":{\"@type\":\"ImageObject\",\"inLanguage\":\"de\",\"@id\":\"https:\\\/\\\/secure.gravatar.com\\\/avatar\\\/60bd01119ff87b83a195933bed289df0b2880b9446899bac13d38348f3c7a7f6?s=96&d=mm&r=g\",\"url\":\"https:\\\/\\\/secure.gravatar.com\\\/avatar\\\/60bd01119ff87b83a195933bed289df0b2880b9446899bac13d38348f3c7a7f6?s=96&d=mm&r=g\",\"contentUrl\":\"https:\\\/\\\/secure.gravatar.com\\\/avatar\\\/60bd01119ff87b83a195933bed289df0b2880b9446899bac13d38348f3c7a7f6?s=96&d=mm&r=g\",\"caption\":\"soporte\"},\"url\":\"https:\\\/\\\/www.asssa.es\\\/de\\\/blog-eintrag\\\/author\\\/soporte\\\/\"}]}<\/script>\n<!-- \/ Yoast SEO plugin. -->","yoast_head_json":{"title":"COVID-19 Die Meditation als Verb\u00fcndeter - ASSSA Deutsch","robots":{"index":"index","follow":"follow","max-snippet":"max-snippet:-1","max-image-preview":"max-image-preview:large","max-video-preview":"max-video-preview:-1"},"canonical":"https:\/\/www.asssa.es\/de\/blog-eintrag\/covid-19-die-meditation-als-verbuendeter\/","og_locale":"de_DE","og_type":"article","og_title":"COVID-19 Die Meditation als Verb\u00fcndeter - ASSSA Deutsch","og_description":"Wir leben zur Zeit eine Situation, die es noch nie gegeben hat. In den letzten Wochen sind wir in unseren H\u00e4usern geblieben, ohne die M\u00f6glichkeit viele der gew\u00f6hnlichen Aktivit\u00e4ten auszuf\u00fchren. Dies f\u00fchrt zu Unsicherheit und folglich zu Spannungen, Ungeduld und Stress.","og_url":"https:\/\/www.asssa.es\/de\/blog-eintrag\/covid-19-die-meditation-als-verbuendeter\/","og_site_name":"ASSSA Deutsch","article_published_time":"2020-04-23T16:39:15+00:00","article_modified_time":"2020-04-24T08:20:03+00:00","og_image":[{"width":600,"height":297,"url":"https:\/\/www.asssa.es\/wp-content\/uploads\/2020\/04\/Blog-Meditacion-2.png","type":"image\/png"}],"author":"soporte","twitter_card":"summary_large_image","twitter_misc":{"Verfasst von":"soporte","Gesch\u00e4tzte Lesezeit":"2\u00a0Minuten"},"schema":{"@context":"https:\/\/schema.org","@graph":[{"@type":"Article","@id":"https:\/\/www.asssa.es\/de\/blog-eintrag\/covid-19-die-meditation-als-verbuendeter\/#article","isPartOf":{"@id":"https:\/\/www.asssa.es\/de\/blog-eintrag\/covid-19-die-meditation-als-verbuendeter\/"},"author":{"name":"soporte","@id":"https:\/\/www.asssa.es\/de\/#\/schema\/person\/e545c5b8d121593dd020f3a63aec3e90"},"headline":"COVID-19 Die Meditation als Verb\u00fcndeter","datePublished":"2020-04-23T16:39:15+00:00","dateModified":"2020-04-24T08:20:03+00:00","mainEntityOfPage":{"@id":"https:\/\/www.asssa.es\/de\/blog-eintrag\/covid-19-die-meditation-als-verbuendeter\/"},"wordCount":424,"commentCount":0,"image":{"@id":"https:\/\/www.asssa.es\/de\/blog-eintrag\/covid-19-die-meditation-als-verbuendeter\/#primaryimage"},"thumbnailUrl":"https:\/\/www.asssa.es\/wp-content\/uploads\/2020\/04\/Blog-Meditacion-2.png","articleSection":["Gesundheitstipps"],"inLanguage":"de","potentialAction":[{"@type":"CommentAction","name":"Comment","target":["https:\/\/www.asssa.es\/de\/blog-eintrag\/covid-19-die-meditation-als-verbuendeter\/#respond"]}]},{"@type":"WebPage","@id":"https:\/\/www.asssa.es\/de\/blog-eintrag\/covid-19-die-meditation-als-verbuendeter\/","url":"https:\/\/www.asssa.es\/de\/blog-eintrag\/covid-19-die-meditation-als-verbuendeter\/","name":"COVID-19 Die Meditation als Verb\u00fcndeter - ASSSA Deutsch","isPartOf":{"@id":"https:\/\/www.asssa.es\/de\/#website"},"primaryImageOfPage":{"@id":"https:\/\/www.asssa.es\/de\/blog-eintrag\/covid-19-die-meditation-als-verbuendeter\/#primaryimage"},"image":{"@id":"https:\/\/www.asssa.es\/de\/blog-eintrag\/covid-19-die-meditation-als-verbuendeter\/#primaryimage"},"thumbnailUrl":"https:\/\/www.asssa.es\/wp-content\/uploads\/2020\/04\/Blog-Meditacion-2.png","datePublished":"2020-04-23T16:39:15+00:00","dateModified":"2020-04-24T08:20:03+00:00","author":{"@id":"https:\/\/www.asssa.es\/de\/#\/schema\/person\/e545c5b8d121593dd020f3a63aec3e90"},"breadcrumb":{"@id":"https:\/\/www.asssa.es\/de\/blog-eintrag\/covid-19-die-meditation-als-verbuendeter\/#breadcrumb"},"inLanguage":"de","potentialAction":[{"@type":"ReadAction","target":["https:\/\/www.asssa.es\/de\/blog-eintrag\/covid-19-die-meditation-als-verbuendeter\/"]}]},{"@type":"ImageObject","inLanguage":"de","@id":"https:\/\/www.asssa.es\/de\/blog-eintrag\/covid-19-die-meditation-als-verbuendeter\/#primaryimage","url":"https:\/\/www.asssa.es\/wp-content\/uploads\/2020\/04\/Blog-Meditacion-2.png","contentUrl":"https:\/\/www.asssa.es\/wp-content\/uploads\/2020\/04\/Blog-Meditacion-2.png","width":600,"height":297},{"@type":"BreadcrumbList","@id":"https:\/\/www.asssa.es\/de\/blog-eintrag\/covid-19-die-meditation-als-verbuendeter\/#breadcrumb","itemListElement":[{"@type":"ListItem","position":1,"name":"Portada","item":"https:\/\/www.asssa.es\/de\/"},{"@type":"ListItem","position":2,"name":"COVID-19 Die Meditation als Verb\u00fcndeter"}]},{"@type":"WebSite","@id":"https:\/\/www.asssa.es\/de\/#website","url":"https:\/\/www.asssa.es\/de\/","name":"ASSSA Deutsch","description":"","potentialAction":[{"@type":"SearchAction","target":{"@type":"EntryPoint","urlTemplate":"https:\/\/www.asssa.es\/de\/?s={search_term_string}"},"query-input":{"@type":"PropertyValueSpecification","valueRequired":true,"valueName":"search_term_string"}}],"inLanguage":"de"},{"@type":"Person","@id":"https:\/\/www.asssa.es\/de\/#\/schema\/person\/e545c5b8d121593dd020f3a63aec3e90","name":"soporte","image":{"@type":"ImageObject","inLanguage":"de","@id":"https:\/\/secure.gravatar.com\/avatar\/60bd01119ff87b83a195933bed289df0b2880b9446899bac13d38348f3c7a7f6?s=96&d=mm&r=g","url":"https:\/\/secure.gravatar.com\/avatar\/60bd01119ff87b83a195933bed289df0b2880b9446899bac13d38348f3c7a7f6?s=96&d=mm&r=g","contentUrl":"https:\/\/secure.gravatar.com\/avatar\/60bd01119ff87b83a195933bed289df0b2880b9446899bac13d38348f3c7a7f6?s=96&d=mm&r=g","caption":"soporte"},"url":"https:\/\/www.asssa.es\/de\/blog-eintrag\/author\/soporte\/"}]}},"jetpack_featured_media_url":"https:\/\/www.asssa.es\/wp-content\/uploads\/2020\/04\/Blog-Meditacion-2.png","_links":{"self":[{"href":"https:\/\/www.asssa.es\/de\/wp-json\/wp\/v2\/posts\/7097","targetHints":{"allow":["GET"]}}],"collection":[{"href":"https:\/\/www.asssa.es\/de\/wp-json\/wp\/v2\/posts"}],"about":[{"href":"https:\/\/www.asssa.es\/de\/wp-json\/wp\/v2\/types\/post"}],"author":[{"embeddable":true,"href":"https:\/\/www.asssa.es\/de\/wp-json\/wp\/v2\/users\/20"}],"replies":[{"embeddable":true,"href":"https:\/\/www.asssa.es\/de\/wp-json\/wp\/v2\/comments?post=7097"}],"version-history":[{"count":2,"href":"https:\/\/www.asssa.es\/de\/wp-json\/wp\/v2\/posts\/7097\/revisions"}],"predecessor-version":[{"id":7100,"href":"https:\/\/www.asssa.es\/de\/wp-json\/wp\/v2\/posts\/7097\/revisions\/7100"}],"wp:featuredmedia":[{"embeddable":true,"href":"https:\/\/www.asssa.es\/de\/wp-json\/wp\/v2\/media\/7098"}],"wp:attachment":[{"href":"https:\/\/www.asssa.es\/de\/wp-json\/wp\/v2\/media?parent=7097"}],"wp:term":[{"taxonomy":"category","embeddable":true,"href":"https:\/\/www.asssa.es\/de\/wp-json\/wp\/v2\/categories?post=7097"},{"taxonomy":"post_tag","embeddable":true,"href":"https:\/\/www.asssa.es\/de\/wp-json\/wp\/v2\/tags?post=7097"}],"curies":[{"name":"wp","href":"https:\/\/api.w.org\/{rel}","templated":true}]}}