{"id":12566,"date":"2026-09-03T09:00:00","date_gmt":"2026-09-03T07:00:00","guid":{"rendered":"https:\/\/www.asssa.es\/fr\/?post_type=noticia&#038;p=12566"},"modified":"2026-08-28T14:02:14","modified_gmt":"2026-08-28T12:02:14","slug":"integration-de-la-clinique-espasana-villena","status":"publish","type":"noticia","link":"https:\/\/www.asssa.es\/fr\/nouvelle\/integration-de-la-clinique-espasana-villena\/","title":{"rendered":"Int\u00e9gration de la Clinique Espasana (Villena)"},"content":{"rendered":"<p>Nous continuons d&rsquo;\u00e9largir notre r\u00e9seau de prestataires de soins afin de proposer un large choix de cliniques de haute qualit\u00e9. Nous avons le plaisir d&rsquo;annoncer l&rsquo;int\u00e9gration de la <strong><a href=\"https:\/\/espasana.es\/\">Cl\u00ednica Espasana<\/a><\/strong> \u00e0 Villena (Alicante), reconnue pour son approche personnalis\u00e9e et ses technologies de pointe.<\/p>\n<p><!--more--><\/p>\n<p>Cette clinique dispose d&rsquo;une \u00e9quipe de sp\u00e9cialistes et d&rsquo;\u00e9quipements ultramodernes pour vous garantir des diagnostics pr\u00e9cis et des traitements efficaces, sans que vous ayez \u00e0 quitter Villena.<\/p>\n<p>Chez ASSSA, nous restons engag\u00e9s \u00e0 int\u00e9grer des cliniques de haute qualit\u00e9 pour pr\u00e9server la sant\u00e9 de nos assur\u00e9s.<\/p>\n<p><a href=\"https:\/\/www.asssa.es\/fr\/cadre-medical\/\"><strong><u>Consulter le Cadre M\u00e9dical<\/u><\/strong><\/a><\/p>\n","protected":false},"featured_media":12567,"template":"","class_list":["post-12566","noticia","type-noticia","status-publish","has-post-thumbnail","hentry"],"acf":[],"yoast_head":"<!-- This site is optimized with the Yoast SEO plugin v28.4 - https:\/\/yoast.com\/product\/yoast-seo-wordpress\/ -->\n<title>Int\u00e9gration de la Clinique Espasana (Villena) - ASSSA Franc\u00e9s<\/title>\n<meta name=\"description\" content=\"Nous avons le plaisir d&#039;annoncer l&#039;int\u00e9gration de la Cl\u00ednica Espasana \u00e0 Villena, une clinique reconnue pour son approche personnalis\u00e9e et ses technologies de pointe.\" \/>\n<meta name=\"robots\" content=\"index, follow, max-snippet:-1, max-image-preview:large, max-video-preview:-1\" \/>\n<link rel=\"canonical\" href=\"https:\/\/www.asssa.es\/fr\/nouvelle\/integration-de-la-clinique-espasana-villena\/\" \/>\n<meta property=\"og:locale\" content=\"fr_FR\" \/>\n<meta property=\"og:type\" content=\"article\" \/>\n<meta property=\"og:title\" content=\"Int\u00e9gration de la Clinique Espasana (Villena) - ASSSA Franc\u00e9s\" \/>\n<meta property=\"og:description\" content=\"Nous avons le plaisir d&#039;annoncer l&#039;int\u00e9gration de la Cl\u00ednica Espasana \u00e0 Villena, une clinique reconnue pour son approche personnalis\u00e9e et ses technologies de pointe.\" \/>\n<meta property=\"og:url\" content=\"https:\/\/www.asssa.es\/fr\/nouvelle\/integration-de-la-clinique-espasana-villena\/\" \/>\n<meta property=\"og:site_name\" content=\"ASSSA Franc\u00e9s\" \/>\n<meta property=\"og:image\" content=\"https:\/\/www.asssa.es\/wp-content\/uploads\/2026\/08\/Noticia-Inclusion-Espasana-FR.png\" \/>\n\t<meta property=\"og:image:width\" content=\"533\" \/>\n\t<meta property=\"og:image:height\" content=\"300\" \/>\n\t<meta property=\"og:image:type\" content=\"image\/png\" \/>\n<meta name=\"twitter:card\" content=\"summary_large_image\" \/>\n<meta name=\"twitter:label1\" content=\"Dur\u00e9e de lecture estim\u00e9e\" \/>\n\t<meta name=\"twitter:data1\" content=\"1 minute\" \/>\n<script type=\"application\/ld+json\" class=\"yoast-schema-graph\">{\"@context\":\"https:\\\/\\\/schema.org\",\"@graph\":[{\"@type\":\"WebPage\",\"@id\":\"https:\\\/\\\/www.asssa.es\\\/fr\\\/nouvelle\\\/integration-de-la-clinique-espasana-villena\\\/\",\"url\":\"https:\\\/\\\/www.asssa.es\\\/fr\\\/nouvelle\\\/integration-de-la-clinique-espasana-villena\\\/\",\"name\":\"Int\u00e9gration de la Clinique Espasana (Villena) - ASSSA Franc\u00e9s\",\"isPartOf\":{\"@id\":\"https:\\\/\\\/www.asssa.es\\\/fr\\\/#website\"},\"primaryImageOfPage\":{\"@id\":\"https:\\\/\\\/www.asssa.es\\\/fr\\\/nouvelle\\\/integration-de-la-clinique-espasana-villena\\\/#primaryimage\"},\"image\":{\"@id\":\"https:\\\/\\\/www.asssa.es\\\/fr\\\/nouvelle\\\/integration-de-la-clinique-espasana-villena\\\/#primaryimage\"},\"thumbnailUrl\":\"https:\\\/\\\/www.asssa.es\\\/wp-content\\\/uploads\\\/2026\\\/08\\\/Noticia-Inclusion-Espasana-FR.png\",\"datePublished\":\"2026-09-03T07:00:00+00:00\",\"description\":\"Nous avons le plaisir d'annoncer l'int\u00e9gration de la Cl\u00ednica Espasana \u00e0 Villena, une clinique reconnue pour son approche personnalis\u00e9e et ses technologies de pointe.\",\"breadcrumb\":{\"@id\":\"https:\\\/\\\/www.asssa.es\\\/fr\\\/nouvelle\\\/integration-de-la-clinique-espasana-villena\\\/#breadcrumb\"},\"inLanguage\":\"fr-FR\",\"potentialAction\":[{\"@type\":\"ReadAction\",\"target\":[\"https:\\\/\\\/www.asssa.es\\\/fr\\\/nouvelle\\\/integration-de-la-clinique-espasana-villena\\\/\"]}]},{\"@type\":\"ImageObject\",\"inLanguage\":\"fr-FR\",\"@id\":\"https:\\\/\\\/www.asssa.es\\\/fr\\\/nouvelle\\\/integration-de-la-clinique-espasana-villena\\\/#primaryimage\",\"url\":\"https:\\\/\\\/www.asssa.es\\\/wp-content\\\/uploads\\\/2026\\\/08\\\/Noticia-Inclusion-Espasana-FR.png\",\"contentUrl\":\"https:\\\/\\\/www.asssa.es\\\/wp-content\\\/uploads\\\/2026\\\/08\\\/Noticia-Inclusion-Espasana-FR.png\",\"width\":533,\"height\":300},{\"@type\":\"BreadcrumbList\",\"@id\":\"https:\\\/\\\/www.asssa.es\\\/fr\\\/nouvelle\\\/integration-de-la-clinique-espasana-villena\\\/#breadcrumb\",\"itemListElement\":[{\"@type\":\"ListItem\",\"position\":1,\"name\":\"Portada\",\"item\":\"https:\\\/\\\/www.asssa.es\\\/fr\\\/\"},{\"@type\":\"ListItem\",\"position\":2,\"name\":\"Int\u00e9gration de la Clinique Espasana (Villena)\"}]},{\"@type\":\"WebSite\",\"@id\":\"https:\\\/\\\/www.asssa.es\\\/fr\\\/#website\",\"url\":\"https:\\\/\\\/www.asssa.es\\\/fr\\\/\",\"name\":\"ASSSA Franc\u00e9s\",\"description\":\"\",\"potentialAction\":[{\"@type\":\"SearchAction\",\"target\":{\"@type\":\"EntryPoint\",\"urlTemplate\":\"https:\\\/\\\/www.asssa.es\\\/fr\\\/?s={search_term_string}\"},\"query-input\":{\"@type\":\"PropertyValueSpecification\",\"valueRequired\":true,\"valueName\":\"search_term_string\"}}],\"inLanguage\":\"fr-FR\"}]}<\/script>\n<!-- \/ Yoast SEO plugin. -->","yoast_head_json":{"title":"Int\u00e9gration de la Clinique Espasana (Villena) - ASSSA Franc\u00e9s","description":"Nous avons le plaisir d'annoncer l'int\u00e9gration de la Cl\u00ednica Espasana \u00e0 Villena, une clinique reconnue pour son approche personnalis\u00e9e et ses technologies de pointe.","robots":{"index":"index","follow":"follow","max-snippet":"max-snippet:-1","max-image-preview":"max-image-preview:large","max-video-preview":"max-video-preview:-1"},"canonical":"https:\/\/www.asssa.es\/fr\/nouvelle\/integration-de-la-clinique-espasana-villena\/","og_locale":"fr_FR","og_type":"article","og_title":"Int\u00e9gration de la Clinique Espasana (Villena) - ASSSA Franc\u00e9s","og_description":"Nous avons le plaisir d'annoncer l'int\u00e9gration de la Cl\u00ednica Espasana \u00e0 Villena, une clinique reconnue pour son approche personnalis\u00e9e et ses technologies de pointe.","og_url":"https:\/\/www.asssa.es\/fr\/nouvelle\/integration-de-la-clinique-espasana-villena\/","og_site_name":"ASSSA Franc\u00e9s","og_image":[{"width":533,"height":300,"url":"https:\/\/www.asssa.es\/wp-content\/uploads\/2026\/08\/Noticia-Inclusion-Espasana-FR.png","type":"image\/png"}],"twitter_card":"summary_large_image","twitter_misc":{"Dur\u00e9e de lecture estim\u00e9e":"1 minute"},"schema":{"@context":"https:\/\/schema.org","@graph":[{"@type":"WebPage","@id":"https:\/\/www.asssa.es\/fr\/nouvelle\/integration-de-la-clinique-espasana-villena\/","url":"https:\/\/www.asssa.es\/fr\/nouvelle\/integration-de-la-clinique-espasana-villena\/","name":"Int\u00e9gration de la Clinique Espasana (Villena) - ASSSA Franc\u00e9s","isPartOf":{"@id":"https:\/\/www.asssa.es\/fr\/#website"},"primaryImageOfPage":{"@id":"https:\/\/www.asssa.es\/fr\/nouvelle\/integration-de-la-clinique-espasana-villena\/#primaryimage"},"image":{"@id":"https:\/\/www.asssa.es\/fr\/nouvelle\/integration-de-la-clinique-espasana-villena\/#primaryimage"},"thumbnailUrl":"https:\/\/www.asssa.es\/wp-content\/uploads\/2026\/08\/Noticia-Inclusion-Espasana-FR.png","datePublished":"2026-09-03T07:00:00+00:00","description":"Nous avons le plaisir d'annoncer l'int\u00e9gration de la Cl\u00ednica Espasana \u00e0 Villena, une clinique reconnue pour son approche personnalis\u00e9e et ses technologies de pointe.","breadcrumb":{"@id":"https:\/\/www.asssa.es\/fr\/nouvelle\/integration-de-la-clinique-espasana-villena\/#breadcrumb"},"inLanguage":"fr-FR","potentialAction":[{"@type":"ReadAction","target":["https:\/\/www.asssa.es\/fr\/nouvelle\/integration-de-la-clinique-espasana-villena\/"]}]},{"@type":"ImageObject","inLanguage":"fr-FR","@id":"https:\/\/www.asssa.es\/fr\/nouvelle\/integration-de-la-clinique-espasana-villena\/#primaryimage","url":"https:\/\/www.asssa.es\/wp-content\/uploads\/2026\/08\/Noticia-Inclusion-Espasana-FR.png","contentUrl":"https:\/\/www.asssa.es\/wp-content\/uploads\/2026\/08\/Noticia-Inclusion-Espasana-FR.png","width":533,"height":300},{"@type":"BreadcrumbList","@id":"https:\/\/www.asssa.es\/fr\/nouvelle\/integration-de-la-clinique-espasana-villena\/#breadcrumb","itemListElement":[{"@type":"ListItem","position":1,"name":"Portada","item":"https:\/\/www.asssa.es\/fr\/"},{"@type":"ListItem","position":2,"name":"Int\u00e9gration de la Clinique Espasana (Villena)"}]},{"@type":"WebSite","@id":"https:\/\/www.asssa.es\/fr\/#website","url":"https:\/\/www.asssa.es\/fr\/","name":"ASSSA Franc\u00e9s","description":"","potentialAction":[{"@type":"SearchAction","target":{"@type":"EntryPoint","urlTemplate":"https:\/\/www.asssa.es\/fr\/?s={search_term_string}"},"query-input":{"@type":"PropertyValueSpecification","valueRequired":true,"valueName":"search_term_string"}}],"inLanguage":"fr-FR"}]}},"_links":{"self":[{"href":"https:\/\/www.asssa.es\/fr\/wp-json\/wp\/v2\/noticia\/12566","targetHints":{"allow":["GET"]}}],"collection":[{"href":"https:\/\/www.asssa.es\/fr\/wp-json\/wp\/v2\/noticia"}],"about":[{"href":"https:\/\/www.asssa.es\/fr\/wp-json\/wp\/v2\/types\/noticia"}],"wp:featuredmedia":[{"embeddable":true,"href":"https:\/\/www.asssa.es\/fr\/wp-json\/wp\/v2\/media\/12567"}],"wp:attachment":[{"href":"https:\/\/www.asssa.es\/fr\/wp-json\/wp\/v2\/media?parent=12566"}],"curies":[{"name":"wp","href":"https:\/\/api.w.org\/{rel}","templated":true}]}}